{"id":45517,"date":"2018-11-23T16:04:11","date_gmt":"2018-11-23T18:04:11","guid":{"rendered":"http:\/\/catolicanet.net\/wp-cnet\/?p=45517"},"modified":"2018-11-23T16:04:11","modified_gmt":"2018-11-23T18:04:11","slug":"falece-monja-de-110-anos-que-salvou-judeus-durante-o-holocausto","status":"publish","type":"post","link":"https:\/\/catolicanet.net\/wp-cnet\/falece-monja-de-110-anos-que-salvou-judeus-durante-o-holocausto\/","title":{"rendered":"Falece monja de 110 anos que salvou judeus durante o holocausto"},"content":{"rendered":"<p>A Arquidiocese de Crac\u00f3via (Pol\u00f4nia) informou o falecimento de Cecylia Maria Roszak, religiosa de clausura dominicana de 110 anos que salvou judeus na persegui\u00e7\u00e3o nazista durante a Segunda Guerra Mundial.<\/p>\n<p>Irm\u00e3 Cecylia nasceu em 25 de mar\u00e7o de 1908, na aldeia de Kielczewo, na regi\u00e3o centro-oeste da Pol\u00f4nia. Depois de se formar na escola de com\u00e9rcio aos 21 anos, entrou no convento de clausura das irm\u00e3s dominicanas em Crac\u00f3via.<\/p>\n<p>Em 1938, viajou com um grupo de religiosas a Vilnius (agora na Litu\u00e2nia, mas, na \u00e9poca, na Pol\u00f4nia), onde queriam fundar outro convento, um plano que n\u00e3o foi poss\u00edvel terminar devido ao in\u00edcio da Segunda Guerra Mundial.<\/p>\n<p>Durante dois anos, Vilnius sofreu a ocupa\u00e7\u00e3o sovi\u00e9tica e depois a dos nazistas. Naquela \u00e9poca, Irm\u00e3 Cecylia e as outras religiosas do seu convento arriscaram suas vidas para esconder 17 membros da resist\u00eancia judaica.<\/p>\n<div class=\"ad_inline\">\n<div id=\"div-gpt-ad-1472661422739-0\" data-google-query-id=\"CPm1zIyL694CFQ6OfgodVG8JkA\">\n<div id=\"google_ads_iframe_\/4493921\/ACI_D_Article_1_0__container__\"><iframe id=\"google_ads_iframe_\/4493921\/ACI_D_Article_1_0\" title=\"3rd party ad content\" name=\"google_ads_iframe_\/4493921\/ACI_D_Article_1_0\" width=\"300\" height=\"250\" frameborder=\"0\" marginwidth=\"0\" marginheight=\"0\" scrolling=\"no\" data-google-container-id=\"1\" data-load-complete=\"true\" data-mce-fragment=\"1\"><\/iframe><\/div>\n<\/div>\n<\/div>\n<p>Em 1941, os refugiados judeus decidiram deixar o convento e voltar para o gueto a fim de ajudar a estabelecer a resist\u00eancia naquele lugar. A superiora, Irm\u00e3 Anna Borkowska, implorou para que eles ficassem, mas seu pedido n\u00e3o teve \u00eaxito.<\/p>\n<p>Em setembro de 1943, a superiora foi presa, o convento de Vilnius foi fechado e as religiosas se separaram. Irm\u00e3 Cecylia Roszak voltou para a Pol\u00f4nia.<\/p>\n<p>Em 1947, Irm\u00e3 Cecylia e as outras dominicanas voltaram para a casa principal, onde serviu como porteira, tocava o \u00f3rg\u00e3o e cantava. Tamb\u00e9m foi priora em v\u00e1rias ocasi\u00f5es.<\/p>\n<p>Em 1984, as religiosas que protegeram os judeus da resist\u00eancia em Vilnius receberam o pr\u00eamio &#8220;Justo entre as Na\u00e7\u00f5es&#8221;, que reconhece os n\u00e3o judeus que arriscaram suas vidas ou a sua liberdade para ajudar o povo judeu durante o Holocausto.<\/p>\n<p>Aos 101 anos, Irm\u00e3 Cecylia passou por uma cirurgia no quadril e no joelho, mas ainda podia participar de v\u00e1rias atividades do convento, incluindo a ora\u00e7\u00e3o por outras religiosas doentes.<\/p>\n<p>Em 25 de mar\u00e7o de 2018, completou 110 anos e recebeu a visita do Arcebispo de Crac\u00f3via, Dom Marek Jedraszewski.<\/p>\n<p>Irm\u00e3 Cecylia faleceu em 16 de novembro de 2018.<\/p>\n","protected":false},"excerpt":{"rendered":"<p>A Arquidiocese de Crac\u00f3via (Pol\u00f4nia) informou o falecimento de Cecylia Maria Roszak, religiosa de clausura dominicana de 110 anos que salvou judeus na persegui\u00e7\u00e3o nazista durante a Segunda Guerra Mundial. Irm\u00e3 Cecylia nasceu em 25 de mar\u00e7o de 1908, na aldeia de Kielczewo, na regi\u00e3o centro-oeste da Pol\u00f4nia. Depois de se formar na escola de [&hellip;]<\/p>\n","protected":false},"author":1,"featured_media":45518,"comment_status":"open","ping_status":"closed","sticky":false,"template":"","format":"standard","meta":{"footnotes":""},"categories":[4],"tags":[],"class_list":["post-45517","post","type-post","status-publish","format-standard","has-post-thumbnail","hentry","category-cotidiano"],"_links":{"self":[{"href":"https:\/\/catolicanet.net\/wp-cnet\/wp-json\/wp\/v2\/posts\/45517","targetHints":{"allow":["GET"]}}],"collection":[{"href":"https:\/\/catolicanet.net\/wp-cnet\/wp-json\/wp\/v2\/posts"}],"about":[{"href":"https:\/\/catolicanet.net\/wp-cnet\/wp-json\/wp\/v2\/types\/post"}],"author":[{"embeddable":true,"href":"https:\/\/catolicanet.net\/wp-cnet\/wp-json\/wp\/v2\/users\/1"}],"replies":[{"embeddable":true,"href":"https:\/\/catolicanet.net\/wp-cnet\/wp-json\/wp\/v2\/comments?post=45517"}],"version-history":[{"count":1,"href":"https:\/\/catolicanet.net\/wp-cnet\/wp-json\/wp\/v2\/posts\/45517\/revisions"}],"predecessor-version":[{"id":45519,"href":"https:\/\/catolicanet.net\/wp-cnet\/wp-json\/wp\/v2\/posts\/45517\/revisions\/45519"}],"wp:featuredmedia":[{"embeddable":true,"href":"https:\/\/catolicanet.net\/wp-cnet\/wp-json\/wp\/v2\/media\/45518"}],"wp:attachment":[{"href":"https:\/\/catolicanet.net\/wp-cnet\/wp-json\/wp\/v2\/media?parent=45517"}],"wp:term":[{"taxonomy":"category","embeddable":true,"href":"https:\/\/catolicanet.net\/wp-cnet\/wp-json\/wp\/v2\/categories?post=45517"},{"taxonomy":"post_tag","embeddable":true,"href":"https:\/\/catolicanet.net\/wp-cnet\/wp-json\/wp\/v2\/tags?post=45517"}],"curies":[{"name":"wp","href":"https:\/\/api.w.org\/{rel}","templated":true}]}}