{"id":45510,"date":"2018-11-23T15:27:01","date_gmt":"2018-11-23T17:27:01","guid":{"rendered":"http:\/\/catolicanet.net\/wp-cnet\/?p=45510"},"modified":"2018-11-23T15:27:01","modified_gmt":"2018-11-23T17:27:01","slug":"assembleia-dos-organismos-do-povo-de-deus-e-retomada-com-sinodalidade-em-pauta","status":"publish","type":"post","link":"https:\/\/catolicanet.net\/wp-cnet\/assembleia-dos-organismos-do-povo-de-deus-e-retomada-com-sinodalidade-em-pauta\/","title":{"rendered":"Assembleia dos Organismos do Povo de Deus \u00e9 retomada com sinodalidade em pauta"},"content":{"rendered":"<p>A Igreja no Brasil, por meio de seus organismos, estar\u00e1 reunida em Aparecida (SP), entre os dias 22 e 25 de novembro, durante a 9\u00aa Assembleia Nacional dos Organismos do Povo de Deus. O evento ter\u00e1 a participa\u00e7\u00e3o das entidades que congregam os bispos (CNBB), padres (CNP), di\u00e1conos (CND), religiosos e religiosas (CRB), consagrados seculares (CNIS) e os crist\u00e3os leigos e leigas (CNLB).<\/p>\n<p>O evento marca o encerramento, carinhosamente denominado como a \u201cculmin\u00e2ncia\u201d do Ano Nacional do Laicato. \u201cA Sinodalidade da Igreja e o protagonismo dos crist\u00e3os leigos e leigas\u201d foi o tema escolhido para motiva\u00e7\u00e3o e aprofundamento nesta ocasi\u00e3o na qual o corpo eclesial estar\u00e1 refletindo e celebrando a presen\u00e7a e organiza\u00e7\u00e3o dos crist\u00e3os leigos e leigas no Brasil, como aponta a carta convite.<\/p>\n<p>No texto, enviado ainda no momento de prepara\u00e7\u00e3o, os presidentes dos organismos manifestaram o desejo de que a assembleia \u201cpossa ser um rico momento onde aconte\u00e7a a manifesta\u00e7\u00e3o dos \u2018v\u00e1rios sujeitos eclesiais e contribua para a consci\u00eancia e o testemunho de comunh\u00e3o como Igreja no Brasil\u2019\u201d, citando o Documento 105 da CNBB, \u201cCrist\u00e3os Leigos e Leigas na Igreja e na Sociedade\u201d.<\/p>\n<p>A assembleia conta com palestras e exposi\u00e7\u00f5es, que aborda a mem\u00f3ria das assembleias e seu contexto atual, a sinodalidade da Igreja, o protagonismo dos crist\u00e3os leigos e as Diretrizes Gerais da A\u00e7\u00e3o Evangelizadora da Igreja no Brasil para o per\u00edodo de 2019-2023. Palestras, trabalhos em grupos, a fila o povo e pain\u00e9is tamb\u00e9m integram a programa\u00e7\u00e3o.<\/p>\n<p>No domingo, acontece a \u201cculmin\u00e2ncia\u201d do Ano do Laicato, iniciado tamb\u00e9m na Solenidade de Cristo Rei, no ano passado. O ato que marcar\u00e1 este momento ser\u00e1 a Romaria do Laicato, saindo \u00e0s 7h do Semin\u00e1rio Santo Afonso at\u00e9 o Santu\u00e1rio Nacional de Nossa Senhora Aparecida. Na casa da M\u00e3e, haver\u00e1 a missa\u00a0com os Romeiros, \u00e0s 7h30. Na sequ\u00eancia, acontece a\u00a0Ciranda Musical.<\/p>\n<p>&nbsp;<\/p>\n<p>Alguns dos presidentes de organismos, entrevistados pelo Portal da CNBB, ressaltam a pertin\u00eancia da tem\u00e1tica da sinodalidade neste contexto eclesial, principalmente no momento em que o papa Francisco promove \u201ca Igreja sinodal\u201d.<\/p>\n<blockquote>\n<div id=\"attachment_204152\" class=\"wp-caption alignleft\"><img loading=\"lazy\" decoding=\"async\" class=\"wp-image-204152 size-medium\" src=\"http:\/\/www.cnbb.org.br\/wp-content\/uploads\/sites\/32\/2018\/11\/Marilza-Shuina-e1542810009668-300x211.jpg\" srcset=\"http:\/\/www.cnbb.org.br\/wp-content\/uploads\/sites\/32\/2018\/11\/Marilza-Shuina-e1542810009668-300x211.jpg 300w, http:\/\/www.cnbb.org.br\/wp-content\/uploads\/sites\/32\/2018\/11\/Marilza-Shuina-e1542810009668-768x541.jpg 768w, http:\/\/www.cnbb.org.br\/wp-content\/uploads\/sites\/32\/2018\/11\/Marilza-Shuina-e1542810009668-184x130.jpg 184w, http:\/\/www.cnbb.org.br\/wp-content\/uploads\/sites\/32\/2018\/11\/Marilza-Shuina-e1542810009668.jpg 811w\" alt=\"\" width=\"300\" height=\"211\" \/><\/p>\n<p class=\"wp-caption-text\"><em>Marilza Schuina | Foto: CNBB\/Daniel Flores<\/em><\/p>\n<\/div>\n<p><em>N\u00f3s estamos fazendo a retomada de uma caminhada, j\u00e1 s\u00e3o nove anos sem a realiza\u00e7\u00e3o da Assembleia Nacional dos Organismos do Povo de Deus. E ela retorna com uma tem\u00e1tica muito forte e muito cara para a Igreja hoje que \u00e9 essa chamada que o papa Francisco tem feito para uma Igreja sinodal, tanto que a nossa tem\u00e1tica ser\u00e1 a \u201cSinodalidade da Igreja e o protagonismo dos crist\u00e3os leigos e leigas\u201d. S\u00e3o dois eixos de reflex\u00e3o que o papa Francisco tem insistido, que \u00e9 uma Igreja sinodal e que os crist\u00e3os leigos e leigas sejam efetivamente protagonistas da evangeliza\u00e7\u00e3o. Ent\u00e3o, nesta perspectiva, n\u00f3s esperamos reabrir novos caminhos, novas possibilidades de uma caminhada conjunta com toda a Igreja.<br \/>\n<strong>\u2013\u00a0<\/strong><\/em><strong>Marilza Jos\u00e9 Lopes Schuina | Conselho Nacional do Laicato do Brasil (CNLB)<\/strong><\/p><\/blockquote>\n<blockquote>\n<div id=\"attachment_204150\" class=\"wp-caption alignleft\"><img loading=\"lazy\" decoding=\"async\" class=\"size-medium wp-image-204150\" src=\"http:\/\/www.cnbb.org.br\/wp-content\/uploads\/sites\/32\/2018\/11\/Aparecida-Guadalupe-Cafaro-300x169.jpg\" srcset=\"http:\/\/www.cnbb.org.br\/wp-content\/uploads\/sites\/32\/2018\/11\/Aparecida-Guadalupe-Cafaro-300x169.jpg 300w, http:\/\/www.cnbb.org.br\/wp-content\/uploads\/sites\/32\/2018\/11\/Aparecida-Guadalupe-Cafaro-768x431.jpg 768w, http:\/\/www.cnbb.org.br\/wp-content\/uploads\/sites\/32\/2018\/11\/Aparecida-Guadalupe-Cafaro-1024x575.jpg 1024w, http:\/\/www.cnbb.org.br\/wp-content\/uploads\/sites\/32\/2018\/11\/Aparecida-Guadalupe-Cafaro.jpg 1084w\" alt=\"\" width=\"300\" height=\"169\" \/><\/p>\n<p class=\"wp-caption-text\"><em>Aparecida Guadalupe | Foto: CNBB\/Daniel Flores<\/em><\/p>\n<\/div>\n<p><em>A Igreja fala e o papa tamb\u00e9m tem falado bastante a respeito da Sinodalidade da Igreja, que nada mais \u00e9 que essa comunh\u00e3o entre os v\u00e1rios organismos, tanto o magist\u00e9rio da Igreja, quanto o povo de Deus, todos aqueles que tem uma miss\u00e3o na Igreja. E ela \u00e9 muito importante para que a gente possa caminhar com mais unidade e possa se fortalecer tamb\u00e9m. Ent\u00e3o, para n\u00f3s dos Institutos Seculares, \u00e9 muito importante essa assembleia.<br \/>\n<\/em><strong>\u2013 Aparecida de Guadalupe Cafaro | Confer\u00eancia Nacional dos Institutos Seculares (CNIS)<\/strong><\/p><\/blockquote>\n<blockquote>\n<div id=\"attachment_204151\" class=\"wp-caption alignleft\"><img loading=\"lazy\" decoding=\"async\" class=\"size-medium wp-image-204151\" src=\"http:\/\/www.cnbb.org.br\/wp-content\/uploads\/sites\/32\/2018\/11\/Di\u00e1cono-Zeno-300x169.jpg\" srcset=\"http:\/\/www.cnbb.org.br\/wp-content\/uploads\/sites\/32\/2018\/11\/Di\u00e1cono-Zeno-300x169.jpg 300w, http:\/\/www.cnbb.org.br\/wp-content\/uploads\/sites\/32\/2018\/11\/Di\u00e1cono-Zeno-768x431.jpg 768w, http:\/\/www.cnbb.org.br\/wp-content\/uploads\/sites\/32\/2018\/11\/Di\u00e1cono-Zeno.jpg 1011w\" alt=\"\" width=\"300\" height=\"169\" \/><\/p>\n<p class=\"wp-caption-text\"><em>Di\u00e1cono Zeno | Foto: CNBB\/Daniel Flores<\/em><\/p>\n<\/div>\n<p><em>Sempre um momento muito importante o reencontro, ainda mais quando h\u00e1 a possibilidade de nos reunirmos como organismos do povo de Deus. Aquilo que o Concilio Vaticano II resgatou, essa Igreja toda ministerial, esse \u00e9 o grande momento de celebrar a unidade, a integra\u00e7\u00e3o de todas as voca\u00e7\u00f5es, ordenados, religiosos, consagrados, leigos e fazer uma reflex\u00e3o da realidade da Igreja no Brasil hoje. Ent\u00e3o, \u00e9 sempre um momento muito importante, muito bonito que h\u00e1 muito tempo est\u00e1 sendo buscado esse encontro, que finalmente vai acontecer. A import\u00e2ncia de abordar a sinodalidade estar em retomar a reflex\u00e3o porque o que a gente percebe \u00e9 que foram muitos anos sem haver este encontro e a\u00ed ficou cada um em seu segmento. E essa sinodalidade \u00e9 integra\u00e7\u00e3o, unir todos, unir for\u00e7as sempre mais e assim, crescermos dentro desse mundo hoje, t\u00e3o digitalizado, t\u00e3o individualizado. \u00c9 o momento de n\u00f3s, frente a frente, juntos, dialogarmos, tentarmos crescer e ver o que a Igreja espera de n\u00f3s, como Igreja povo de Deus.<br \/>\n\u2013\u00a0<\/em><strong>Di\u00e1cono Zeno Konzen | Comiss\u00e3o Nacional dos Di\u00e1conos (CND)<br \/>\n<\/strong><\/p><\/blockquote>\n<p>&nbsp;<\/p>\n<blockquote>\n<div id=\"attachment_199887\" class=\"wp-caption alignleft\"><img loading=\"lazy\" decoding=\"async\" class=\"size-medium wp-image-199887\" src=\"http:\/\/www.cnbb.org.br\/wp-content\/uploads\/sites\/32\/2018\/09\/Padre-Jos\u00e9-Adelson-300x200.jpg\" srcset=\"http:\/\/www.cnbb.org.br\/wp-content\/uploads\/sites\/32\/2018\/09\/Padre-Jos\u00e9-Adelson-300x200.jpg 300w, http:\/\/www.cnbb.org.br\/wp-content\/uploads\/sites\/32\/2018\/09\/Padre-Jos\u00e9-Adelson-768x512.jpg 768w, http:\/\/www.cnbb.org.br\/wp-content\/uploads\/sites\/32\/2018\/09\/Padre-Jos\u00e9-Adelson-1024x682.jpg 1024w, http:\/\/www.cnbb.org.br\/wp-content\/uploads\/sites\/32\/2018\/09\/Padre-Jos\u00e9-Adelson.jpg 1067w\" alt=\"\" width=\"300\" height=\"200\" \/><\/p>\n<p class=\"wp-caption-text\"><em>Padre Jos\u00e9 Adelson, presidente da CNP | Foto: Matheus de Souza<\/em><\/p>\n<\/div>\n<p><em>Primeiro, \u00e9 um momento muito importante de resgate, porque, como n\u00f3s sabemos, j\u00e1 faz alguns anos que n\u00e3o existe a Assembleia dos Organismos. E segundo, porque n\u00f3s retornamos\u00a0 e retomamos essa atividade porque envolve todos os organismos: os presb\u00edteros, os leigos, os bispos, os di\u00e1conos, os consagrados, as religiosas. Ent\u00e3o \u00e9 um momento de partilha, de reflex\u00e3o, de retorno para as comunidades de base, para a reflex\u00e3o no sentido de que n\u00f3s somos uma Igreja em miss\u00e3o, estamos nesta longa caminhada. Isso faz com que nos sintamos mais pr\u00f3ximos do povo e mais respons\u00e1veis diante da nossa miss\u00e3o de crist\u00e3os e consagrados que somos.\u00a0<\/em><br \/>\n<strong>\u2013 Padre Jos\u00e9 Adelson Rodrigues | Comiss\u00e3o Nacional de Presb\u00edteros (CNP)<\/strong><\/p>\n<p>&nbsp;<\/p>\n<p><em><img loading=\"lazy\" decoding=\"async\" class=\"size-medium wp-image-192658 alignleft\" src=\"http:\/\/www.cnbb.org.br\/wp-content\/uploads\/sites\/32\/2018\/05\/consep-23-maio-2018dom-Severino-2-300x191.jpg\" srcset=\"http:\/\/www.cnbb.org.br\/wp-content\/uploads\/sites\/32\/2018\/05\/consep-23-maio-2018dom-Severino-2-300x191.jpg 300w, http:\/\/www.cnbb.org.br\/wp-content\/uploads\/sites\/32\/2018\/05\/consep-23-maio-2018dom-Severino-2-768x490.jpg 768w, http:\/\/www.cnbb.org.br\/wp-content\/uploads\/sites\/32\/2018\/05\/consep-23-maio-2018dom-Severino-2-1024x653.jpg 1024w, http:\/\/www.cnbb.org.br\/wp-content\/uploads\/sites\/32\/2018\/05\/consep-23-maio-2018dom-Severino-2.jpg 1040w\" alt=\"\" width=\"300\" height=\"191\" \/>N\u00f3s temos percebido que toda a responsabilidade da Igreja jogam muito nas costas da CNBB, dos bispos, sendo que a Igreja n\u00e3o \u00e9 s\u00f3 a CNBB. Os organismos do povo de Deus s\u00e3o essas for\u00e7as vivas desta Igreja. Ent\u00e3o, valorizar os leigos, os religiosos e religiosas, os di\u00e1conos, a vida consagrada, os institutos seculares, os padres, todos juntos que formam esse corpo. Essa assembleia \u00e9 exatamente para dar essa for\u00e7a dos organismos, das for\u00e7as vivas da Igreja. Por isso, \u00e9 importante essa assembleia, e n\u00e3o se pode deixar passar muito tempo sem esses organismos se reunirem para dar as diretrizes num sentido mais amplo, para al\u00e9m das Diretrizes da CNBB, mas como tamb\u00e9m para participar, fomentando, ancorando todo esse trabalho que a Igreja produz.<br \/>\n<\/em><strong>\u2013 Dom Severino Clasen | Comiss\u00e3o Episcopal Pastoral para o Laicato da CNBB<\/strong><\/p><\/blockquote>\n","protected":false},"excerpt":{"rendered":"<p>A Igreja no Brasil, por meio de seus organismos, estar\u00e1 reunida em Aparecida (SP), entre os dias 22 e 25 de novembro, durante a 9\u00aa Assembleia Nacional dos Organismos do Povo de Deus. O evento ter\u00e1 a participa\u00e7\u00e3o das entidades que congregam os bispos (CNBB), padres (CNP), di\u00e1conos (CND), religiosos e religiosas (CRB), consagrados seculares [&hellip;]<\/p>\n","protected":false},"author":1,"featured_media":45511,"comment_status":"open","ping_status":"closed","sticky":false,"template":"","format":"standard","meta":{"footnotes":""},"categories":[7],"tags":[],"class_list":["post-45510","post","type-post","status-publish","format-standard","has-post-thumbnail","hentry","category-cnbb"],"_links":{"self":[{"href":"https:\/\/catolicanet.net\/wp-cnet\/wp-json\/wp\/v2\/posts\/45510","targetHints":{"allow":["GET"]}}],"collection":[{"href":"https:\/\/catolicanet.net\/wp-cnet\/wp-json\/wp\/v2\/posts"}],"about":[{"href":"https:\/\/catolicanet.net\/wp-cnet\/wp-json\/wp\/v2\/types\/post"}],"author":[{"embeddable":true,"href":"https:\/\/catolicanet.net\/wp-cnet\/wp-json\/wp\/v2\/users\/1"}],"replies":[{"embeddable":true,"href":"https:\/\/catolicanet.net\/wp-cnet\/wp-json\/wp\/v2\/comments?post=45510"}],"version-history":[{"count":1,"href":"https:\/\/catolicanet.net\/wp-cnet\/wp-json\/wp\/v2\/posts\/45510\/revisions"}],"predecessor-version":[{"id":45512,"href":"https:\/\/catolicanet.net\/wp-cnet\/wp-json\/wp\/v2\/posts\/45510\/revisions\/45512"}],"wp:featuredmedia":[{"embeddable":true,"href":"https:\/\/catolicanet.net\/wp-cnet\/wp-json\/wp\/v2\/media\/45511"}],"wp:attachment":[{"href":"https:\/\/catolicanet.net\/wp-cnet\/wp-json\/wp\/v2\/media?parent=45510"}],"wp:term":[{"taxonomy":"category","embeddable":true,"href":"https:\/\/catolicanet.net\/wp-cnet\/wp-json\/wp\/v2\/categories?post=45510"},{"taxonomy":"post_tag","embeddable":true,"href":"https:\/\/catolicanet.net\/wp-cnet\/wp-json\/wp\/v2\/tags?post=45510"}],"curies":[{"name":"wp","href":"https:\/\/api.w.org\/{rel}","templated":true}]}}