{"id":4550,"date":"2014-04-29T16:56:07","date_gmt":"2014-04-29T19:56:07","guid":{"rendered":"http:\/\/catolicanet.net\/wp-cnet\/anchieta-e-o-encontro-de-culturas\/"},"modified":"2017-04-05T11:37:38","modified_gmt":"2017-04-05T14:37:38","slug":"anchieta-e-o-encontro-de-culturas","status":"publish","type":"post","link":"https:\/\/catolicanet.net\/wp-cnet\/anchieta-e-o-encontro-de-culturas\/","title":{"rendered":"Anchieta e o encontro de culturas"},"content":{"rendered":"<p style=\"text-align: justify;\"><img decoding=\"async\" src=\"http:\/\/catolicanet.com.br\/images\/stories\/anchieta4.jpg\" border=\"0\" align=\"left\" \/>S\u00e3o Jos\u00e9 de Anchieta \u00e9 um sinal evidente de como o encontro com Cristo pode gerar uma entrega incondicional ao outro, capaz de se por do lado dos mais fracos, construir uma cultura e uma &#8220;nova cidade&#8221; &#8211; tanto no sentido real quanto no simb\u00f3lico. O trabalho mission\u00e1rio n\u00e3o foi o genoc\u00eddio f\u00edsico e cultural que a mentalidade iluminista insiste em apresentar. Pelo contr\u00e1rio, representou o grande esfor\u00e7o do cristianismo em ir ao encontro da cultura e da sociedade ind\u00edgena, tomando seu partido e procurando afirmar e defender a dignidade e o direito das popula\u00e7\u00f5es ind\u00edgenas. Homens como Anchieta, que escreveram uma gram\u00e1tica tupi para poder melhor se comunicar com os \u00edndios, constru\u00edram escolas no meio das matas, ajudaram a criar fortifica\u00e7\u00f5es para proteg\u00ea-los dos ataques dos portugueses, n\u00e3o procuravam a destrui\u00e7\u00e3o da sociedade e da cultura ind\u00edgena. Procuravam, isto sim, uma s\u00edntese cultural capaz de preservar o que havia de melhor no mundo europeu e no mundo \u00edndio. O \u00eaxito de sua empreitada pode ser atestado em museus espalhados pelas Am\u00e9ricas (\u00e9 obra de m\u00e3os ind\u00edgenas o mais antigo \u00f3rg\u00e3o fabricado no Brasil); no amor \u00e0 m\u00fasica sacra que os historiadores v\u00e3o encontrando nos registros da \u00e9poca; nos primeiros textos de reconhecimento e defesa dos direitos humanos &#8211; escritos por mission\u00e1rios preocupados com a defesa dos \u00edndios; na riqueza econ\u00f4mica e cultural de Sete Povos das Miss\u00f5es &#8211; riqueza que incomodou os europeus at\u00e9 lev\u00e1-los a destruir esta maravilhosa experi\u00eancia. A destrui\u00e7\u00e3o da obra mission\u00e1ria, nos s\u00e9culos XVII e XVIII, apagou parte desta rica hist\u00f3ria popular e pode explicar muitos dos problemas da sociedade brasileira atual. Jos\u00e9 de Anchieta, dando nome a coisas t\u00e3o diversas quanto uma igreja, uma estrada e uma TV educativa, permanece como um marco de uma cultura nova, que floresceu nestas terras e sempre volta a florescer l\u00e1 onde os crist\u00e3os redescobrem o sentido integral de sua f\u00e9 e se tornam uma presen\u00e7a original no meio do mundo. <\/p>\n<p><strong>Fonte:<\/strong> Revista Passos<br \/><strong>Local:<\/strong> S\u00e3o Paulo<\/p>\n","protected":false},"excerpt":{"rendered":"<p>S\u00e3o Jos\u00e9 de Anchieta \u00e9 um sinal evidente de como o encontro com Cristo pode gerar uma entrega incondicional ao outro, capaz de se por do lado dos mais fracos, construir uma cultura e uma &#8220;nova cidade&#8221; &#8211; tanto no sentido real quanto no simb\u00f3lico. O trabalho mission\u00e1rio n\u00e3o foi o genoc\u00eddio f\u00edsico e cultural [&hellip;]<\/p>\n","protected":false},"author":1,"featured_media":0,"comment_status":"closed","ping_status":"closed","sticky":false,"template":"","format":"standard","meta":{"footnotes":""},"categories":[4],"tags":[],"class_list":["post-4550","post","type-post","status-publish","format-standard","hentry","category-cotidiano"],"_links":{"self":[{"href":"https:\/\/catolicanet.net\/wp-cnet\/wp-json\/wp\/v2\/posts\/4550","targetHints":{"allow":["GET"]}}],"collection":[{"href":"https:\/\/catolicanet.net\/wp-cnet\/wp-json\/wp\/v2\/posts"}],"about":[{"href":"https:\/\/catolicanet.net\/wp-cnet\/wp-json\/wp\/v2\/types\/post"}],"author":[{"embeddable":true,"href":"https:\/\/catolicanet.net\/wp-cnet\/wp-json\/wp\/v2\/users\/1"}],"replies":[{"embeddable":true,"href":"https:\/\/catolicanet.net\/wp-cnet\/wp-json\/wp\/v2\/comments?post=4550"}],"version-history":[{"count":1,"href":"https:\/\/catolicanet.net\/wp-cnet\/wp-json\/wp\/v2\/posts\/4550\/revisions"}],"predecessor-version":[{"id":9443,"href":"https:\/\/catolicanet.net\/wp-cnet\/wp-json\/wp\/v2\/posts\/4550\/revisions\/9443"}],"wp:attachment":[{"href":"https:\/\/catolicanet.net\/wp-cnet\/wp-json\/wp\/v2\/media?parent=4550"}],"wp:term":[{"taxonomy":"category","embeddable":true,"href":"https:\/\/catolicanet.net\/wp-cnet\/wp-json\/wp\/v2\/categories?post=4550"},{"taxonomy":"post_tag","embeddable":true,"href":"https:\/\/catolicanet.net\/wp-cnet\/wp-json\/wp\/v2\/tags?post=4550"}],"curies":[{"name":"wp","href":"https:\/\/api.w.org\/{rel}","templated":true}]}}