{"id":45436,"date":"2018-11-19T11:45:05","date_gmt":"2018-11-19T13:45:05","guid":{"rendered":"http:\/\/catolicanet.net\/wp-cnet\/?p=45436"},"modified":"2018-11-19T11:45:05","modified_gmt":"2018-11-19T13:45:05","slug":"processo-sinodal-tem-sido-um-kairos-para-toda-a-igreja-afirmou-o-cardeal-lorenzo-baldisseri","status":"publish","type":"post","link":"https:\/\/catolicanet.net\/wp-cnet\/processo-sinodal-tem-sido-um-kairos-para-toda-a-igreja-afirmou-o-cardeal-lorenzo-baldisseri\/","title":{"rendered":"\u201cProcesso sinodal tem sido um kair\u00f3s para toda a Igreja\u201d, afirmou o cardeal Lorenzo Baldisseri"},"content":{"rendered":"<p>\u201cO processo sinodal tem sido um kair\u00f3s para toda a Igreja e uma oportunidade para conhecer mais o bioma Amaz\u00f4nia e seus povos\u201d, afirmou o cardeal Lorenzo Baldisseri no comunicado da segunda reuni\u00e3o da Secretaria geral do S\u00ednodo dos Bispos com a Rede Eclesial Pan-Amaz\u00f4nica\/REPAM, realizada em Manaus neste dias 14 e 15 de novembro. Conclu\u00eddo na tarde desta quinta-feira, o encontro foi oportunidade para partilha e avalia\u00e7\u00e3o do caminho em prepara\u00e7\u00e3o para o S\u00ednodo para a Amaz\u00f4nia, que ser\u00e1 realizado de 6 a 27 de outubro de 2019.<\/p>\n<p>O momento favor\u00e1vel da fala do cardeal Baldisseri tem tornado poss\u00edvel \u00e0 Igreja ser \u201camazonizada\u201d, como dizem os agentes e membros da REPAM. Neste caminho sinodal toda a Igreja poder\u00e1 reconhecer as lutas e resist\u00eancias dos povos amaz\u00f4nicos e confirmar a caminhada da Igreja \u201ccada vez mais prof\u00e9tica e comprometida com a causa do Reino de Deus\u201d na regi\u00e3o\u201d.<\/p>\n<p>O cardeal fala do processo de prepara\u00e7\u00e3o para esta Assembleia Especial do S\u00ednodo dos Bispos convocada pelo papa Francisco no passado e ressalta o forte apoio \u201cpelo testemunho e o magist\u00e9rio\u201d de Francisco, \u201cque insiste numa Igreja sinodal onde acontece o di\u00e1logo e a escuta m\u00fatua dos Bispos com representantes da Igreja e do Povo de Deus\u201d.<\/p>\n<p><strong>Confira o comunicado na \u00edntegra:<\/strong><\/p>\n<p><strong> Comunicado da 2\u00aa reuni\u00e3o da Secretaria Geral do S\u00ednodo dos Bispos com a REPAM<\/strong><\/p>\n<p>Convocados por sua Emin\u00eancia Lorenzo Cardeal Baldisseri, Secret\u00e1rio Geral do S\u00ednodo, nos reunimos nos dias 14 e 15 de novembro na cidade de Manaus \u2013 AM\/ Brasil, Bispos delegados de diferentes pa\u00edses que comp\u00f5em o territ\u00f3rio da panamaz\u00f4nia: Bol\u00edvia, Brasil, Col\u00f4mbia, Equador, Venezuela, Peru e Antilhas, todos os delegados s\u00e3o membros da Rede Eclesial Panamaz\u00f4nica-REPAM, rede que pertence ao Conselho Episcopal Latino-Americano \u2013 CELAM, bem como convidados\/as representantes da Confedera\u00e7\u00e3o dos Religiosos e Religiosas da Am\u00e9rica Latina e Caribe-CLAR, ag\u00eancias parcerias e a equipe de expertos do S\u00ednodo.<\/p>\n<p>Nesta reuni\u00e3o, damos continuidade ao processo sinodal iniciado em janeiro de 2018, em Puerto Maldonado \u2013 Peru, por ocasi\u00e3o da visita do Papa Francisco, na qual aconteceu a primeira reuni\u00e3o com a REPAM, e depois da 1\u00aa Reuni\u00e3o do Conselho Pr\u00e9-Sinodal em Roma em abril deste ano, na qual foi aprovado o Documento Preparat\u00f3rio do S\u00ednodo, \u201cAmaz\u00f4nia: Novos caminhos para a Igreja e para uma Ecologia Integral\u201d.<\/p>\n<p>Este Documento Preparat\u00f3rio foi enviado a todas as jurisdi\u00e7\u00f5es eclesi\u00e1sticas de todo territ\u00f3rio Pan-Amaz\u00f4nico para seu estudo e para orientar o processo de ESCUTA atrav\u00e9s do question\u00e1rio dirigido ao Povo de Deus na Pan-Amaz\u00f4nia que vem mobilizando a Igreja, as comunidades, par\u00f3quias, vicariatos apost\u00f3licos, prelazias e dioceses, culminando com as assembleias territoriais nos regionais e animando todo o Processo Sinodal que conta com importante atua\u00e7\u00e3o e orienta\u00e7\u00e3o metodol\u00f3gica da REPAM.<\/p>\n<p>A reuni\u00e3o tamb\u00e9m tem como objetivo avaliar o caminho percorrido nas assembleias territoriais pr\u00e9-sinodais, para compartilhar os avan\u00e7os que foram dados, e encaminhar os desafios que surgem ao longo do caminho para buscar juntos o modo de proceder daqui para frente. Por isso agradecemos a oportunidade de fazer parte desta caminhada em conjunto. Conclui-se que o processo sinodal tem sido um kair\u00f3s para toda a Igreja e uma oportunidade para conhecer mais o bioma Amaz\u00f4nia e seus povos, para reconhecer suas lutas, resist\u00eancias e para confirmar a caminhada da Igreja cada vez mais prof\u00e9tica e comprometida com a causa do Reino de Deus nessa regi\u00e3o.<\/p>\n<p>Caminhamos nesse processo sinodal em circunst\u00e2ncias muito especiais e fortemente apoiados pelo testemunho e o magist\u00e9rio do Papa Francisco, que insiste numa Igreja sinodal onde acontece o di\u00e1logo e a escuta m\u00fatua dos Bispos com representantes da Igreja e do Povo de Deus.<\/p>\n<p>Lorenzo Cardeal Baldisseri<br \/>\nSecret\u00e1rio Geral<\/p>\n","protected":false},"excerpt":{"rendered":"<p>\u201cO processo sinodal tem sido um kair\u00f3s para toda a Igreja e uma oportunidade para conhecer mais o bioma Amaz\u00f4nia e seus povos\u201d, afirmou o cardeal Lorenzo Baldisseri no comunicado da segunda reuni\u00e3o da Secretaria geral do S\u00ednodo dos Bispos com a Rede Eclesial Pan-Amaz\u00f4nica\/REPAM, realizada em Manaus neste dias 14 e 15 de novembro. [&hellip;]<\/p>\n","protected":false},"author":1,"featured_media":45437,"comment_status":"open","ping_status":"closed","sticky":false,"template":"","format":"standard","meta":{"footnotes":""},"categories":[7],"tags":[],"class_list":["post-45436","post","type-post","status-publish","format-standard","has-post-thumbnail","hentry","category-cnbb"],"_links":{"self":[{"href":"https:\/\/catolicanet.net\/wp-cnet\/wp-json\/wp\/v2\/posts\/45436","targetHints":{"allow":["GET"]}}],"collection":[{"href":"https:\/\/catolicanet.net\/wp-cnet\/wp-json\/wp\/v2\/posts"}],"about":[{"href":"https:\/\/catolicanet.net\/wp-cnet\/wp-json\/wp\/v2\/types\/post"}],"author":[{"embeddable":true,"href":"https:\/\/catolicanet.net\/wp-cnet\/wp-json\/wp\/v2\/users\/1"}],"replies":[{"embeddable":true,"href":"https:\/\/catolicanet.net\/wp-cnet\/wp-json\/wp\/v2\/comments?post=45436"}],"version-history":[{"count":1,"href":"https:\/\/catolicanet.net\/wp-cnet\/wp-json\/wp\/v2\/posts\/45436\/revisions"}],"predecessor-version":[{"id":45438,"href":"https:\/\/catolicanet.net\/wp-cnet\/wp-json\/wp\/v2\/posts\/45436\/revisions\/45438"}],"wp:featuredmedia":[{"embeddable":true,"href":"https:\/\/catolicanet.net\/wp-cnet\/wp-json\/wp\/v2\/media\/45437"}],"wp:attachment":[{"href":"https:\/\/catolicanet.net\/wp-cnet\/wp-json\/wp\/v2\/media?parent=45436"}],"wp:term":[{"taxonomy":"category","embeddable":true,"href":"https:\/\/catolicanet.net\/wp-cnet\/wp-json\/wp\/v2\/categories?post=45436"},{"taxonomy":"post_tag","embeddable":true,"href":"https:\/\/catolicanet.net\/wp-cnet\/wp-json\/wp\/v2\/tags?post=45436"}],"curies":[{"name":"wp","href":"https:\/\/api.w.org\/{rel}","templated":true}]}}