{"id":4541,"date":"2014-04-29T12:01:17","date_gmt":"2014-04-29T15:01:17","guid":{"rendered":"http:\/\/catolicanet.net\/wp-cnet\/questao-agraria\/"},"modified":"2017-04-05T11:31:55","modified_gmt":"2017-04-05T14:31:55","slug":"questao-agraria","status":"publish","type":"post","link":"https:\/\/catolicanet.net\/wp-cnet\/questao-agraria\/","title":{"rendered":"Quest\u00e3o Agr\u00e1ria"},"content":{"rendered":"<p style=\"text-align: justify;\"> J\u00e1 est\u00e1 em pleno andamento Assembl\u00e9ia Geral da CNBB, em Aparecida. Vai durar dez dias, como j\u00e1 \u00e9 costume consolidado.<br \/> Esta \u00e9 a 52\u00aa assembleia geral. Pelas contas feitas a partir da data de funda\u00e7\u00e3o da CNBB, em 1952, seria bem maior o n\u00famero de assembleias. Acontece que por um bom tempo as reuni\u00f5es n\u00e3o eram anuais, mas de dois em dois anos. E bem no in\u00edcio, deviam participar s\u00f3 os arcebispos.<br \/> Com a chegada do Conc\u00edlio Ecum\u00eanico Vaticano II, em 1962, com os debates em torno da colegialidade episcopal, ficou bem ressaltada a import\u00e2ncia dos bispos, que participam, em plenitude, do minist\u00e9rio apost\u00f3lico, conferido pelo sacramento da ordem. Com isto, ficam relativizados todos e quaisquer outros t\u00edtulos ou of\u00edcios que podem ser conferidos a determinados bispos. Pois todos eles participam, igualmente,\u00a0 da dignidade e miss\u00e3o episcopal, pelo sacramento, e n\u00e3o por t\u00edtulos ou encargos que um bispo possa vir a ter.<br \/> A consci\u00eancia da igual dignidade de todos os bispos ficou muito ressaltada na trajet\u00f3ria da CNBB, especialmente a partir do Conc\u00edlio. Tanto que por diversas vezes foram eleitos para presidirem a CNBB, n\u00e3o arcebispos, mas simplesmente bispos diocesanos. <br \/> Esta postura da CNBB, de apre\u00e7o e valoriza\u00e7\u00e3o do sacramento da ordem como refer\u00eancia para a distribui\u00e7\u00e3o de responsabilidades entre os bispos, chegou ao seu ponto culminante quando em 1987 foi eleito presidente Dom Luciano Mendes de Almeida quando ainda ele era bispo auxiliar de S. Paulo.\u00a0 Isto provocou uma rea\u00e7\u00e3o da C\u00faria Romana, que determinou a todas as Confer\u00eancias Episcopais, que colocassem em seus estatutos que \u201cbispo auxiliar\u201d n\u00e3o pode ser eleito presidente da Confer\u00eancia. <br \/> Mas n\u00e3o deixa de ser emblem\u00e1tica esta postura da CNBB. Ela procura afirmar sua identidade em coer\u00eancia com os princ\u00edpios\u00a0 teol\u00f3gicos que a fundamentam. E procura planejar suas a\u00e7\u00f5es, de acordo com os postulados da miss\u00e3o recebida.<br \/> Os dois temas centrais da assembl\u00e9ia deste ano, encontram fundamento na identidade e na miss\u00e3o dos bispos reunidos em assembl\u00e9ia. O tema da par\u00f3quia se insere mais diretamente na identidade eclesial, e o tema da quest\u00e3o agr\u00e1ria se insere mais diretamente na miss\u00e3o da Igreja.<br \/> Detendo agora o olhar neste tema sempre t\u00e3o complicado da quest\u00e3o agr\u00e1ria em nosso pa\u00eds, \u00e9 evidente\u00a0 que seria muito mais c\u00f4modo para os bispos, passarem ao lado desta quest\u00e3o, ou desvi\u00e1-la, em tempo, de suas preocupa\u00e7\u00f5es.\u00a0 Mas a miss\u00e3o de pastores, leva de novo os bispos do Brasil a se debru\u00e7arem sobre este assunto sempre t\u00e3o complicado, que j\u00e1 mereceu na assembl\u00e9ia de 1980 um documento da CNBB, e que volta agora com novas realidades e novas preocupa\u00e7\u00f5es dos pastores.<br \/> Na verdade, de l\u00e1 para c\u00e1, a realidade agr\u00e1ria mudou muito, e apresenta novos desafios. Ser\u00e3o olhados pelos bispos na perspectiva de sua miss\u00e3o, que os impele\u00a0 a seguir de perto as ang\u00fastias dos membros de suas comunidades, tamb\u00e9m os que se defrontam com dificuldades provenientes da estrutura agr\u00e1ria em nosso pa\u00eds.<br \/> Para dar-nos conta de sua complexidade, basta conferir a lista de situa\u00e7\u00f5es, descritas no documento que est\u00e1 sendo debatido nesta assembl\u00e9ia. Ela se prop\u00f5e ouvir o clamor dos \u201cpovos ind\u00edgenas\u201d, o clamor dos \u201cquilombolas\u201d dos \u201csem terra e assentados\u201d, o clamor dos \u201cribeirinhos e pescadores\u201d, dos \u201cprodutores familiares\u201d, al\u00e9m do clamor das pr\u00f3prias cidades.<br \/> N\u00e3o \u00e9 que os bispos se julguem competentes para trazer as solu\u00e7\u00f5es dos problemas vividos por estas popula\u00e7\u00f5es. Ma como pastores do seu povo, julgam, sim, do seu dever chamar a aten\u00e7\u00e3o de todos para estas realidades, e urgir sua solu\u00e7\u00e3o, \u00e0 luz de crit\u00e9rios \u00e9ticos e de valores evang\u00e9licos.<\/p>\n","protected":false},"excerpt":{"rendered":"<p>J\u00e1 est\u00e1 em pleno andamento Assembl\u00e9ia Geral da CNBB, em Aparecida. Vai durar dez dias, como j\u00e1 \u00e9 costume consolidado. Esta \u00e9 a 52\u00aa assembleia geral. Pelas contas feitas a partir da data de funda\u00e7\u00e3o da CNBB, em 1952, seria bem maior o n\u00famero de assembleias. Acontece que por um bom tempo as reuni\u00f5es n\u00e3o [&hellip;]<\/p>\n","protected":false},"author":9,"featured_media":0,"comment_status":"closed","ping_status":"closed","sticky":false,"template":"","format":"standard","meta":{"footnotes":""},"categories":[9],"tags":[],"class_list":["post-4541","post","type-post","status-publish","format-standard","hentry","category-artigos"],"_links":{"self":[{"href":"https:\/\/catolicanet.net\/wp-cnet\/wp-json\/wp\/v2\/posts\/4541","targetHints":{"allow":["GET"]}}],"collection":[{"href":"https:\/\/catolicanet.net\/wp-cnet\/wp-json\/wp\/v2\/posts"}],"about":[{"href":"https:\/\/catolicanet.net\/wp-cnet\/wp-json\/wp\/v2\/types\/post"}],"author":[{"embeddable":true,"href":"https:\/\/catolicanet.net\/wp-cnet\/wp-json\/wp\/v2\/users\/9"}],"replies":[{"embeddable":true,"href":"https:\/\/catolicanet.net\/wp-cnet\/wp-json\/wp\/v2\/comments?post=4541"}],"version-history":[{"count":1,"href":"https:\/\/catolicanet.net\/wp-cnet\/wp-json\/wp\/v2\/posts\/4541\/revisions"}],"predecessor-version":[{"id":9434,"href":"https:\/\/catolicanet.net\/wp-cnet\/wp-json\/wp\/v2\/posts\/4541\/revisions\/9434"}],"wp:attachment":[{"href":"https:\/\/catolicanet.net\/wp-cnet\/wp-json\/wp\/v2\/media?parent=4541"}],"wp:term":[{"taxonomy":"category","embeddable":true,"href":"https:\/\/catolicanet.net\/wp-cnet\/wp-json\/wp\/v2\/categories?post=4541"},{"taxonomy":"post_tag","embeddable":true,"href":"https:\/\/catolicanet.net\/wp-cnet\/wp-json\/wp\/v2\/tags?post=4541"}],"curies":[{"name":"wp","href":"https:\/\/api.w.org\/{rel}","templated":true}]}}