{"id":4540,"date":"2014-04-28T18:01:48","date_gmt":"2014-04-28T21:01:48","guid":{"rendered":"http:\/\/catolicanet.net\/wp-cnet\/dom-beschi-joao-xxiii-tinha-o-dom-de-tornar-as-pessoas-melhores\/"},"modified":"2017-04-05T11:31:11","modified_gmt":"2017-04-05T14:31:11","slug":"dom-beschi-joao-xxiii-tinha-o-dom-de-tornar-as-pessoas-melhores","status":"publish","type":"post","link":"https:\/\/catolicanet.net\/wp-cnet\/dom-beschi-joao-xxiii-tinha-o-dom-de-tornar-as-pessoas-melhores\/","title":{"rendered":"Dom Beschi: Jo\u00e3o XXIII tinha o dom de tornar as pessoas melhores"},"content":{"rendered":"<p style=\"text-align: justify;\"><img decoding=\"async\" src=\"http:\/\/catolicanet.com.br\/images\/stories\/dombeschi.jpg\" border=\"0\" align=\"left\" \/>Muitos fi\u00e9is de B\u00e9rgamo \u2013 norte da It\u00e1lia \u2013 participaram na manh\u00e3 desta segunda-feira, na igreja romana de &#8220;San Carlo al Corso&#8221; \u2013 onde o Papa Roncalli foi ordenado bispo \u2013, da celebra\u00e7\u00e3o eucar\u00edstica em a\u00e7\u00e3o de gra\u00e7a pela Canoniza\u00e7\u00e3o de Jo\u00e3o XXIII.<\/p>\n<p>A santa missa foi concelebrada pelo bispo de B\u00e9rgamo, Dom Francesco Beschi, e pelo arcebispo em\u00e9rito de Mil\u00e3o, Cardeal Dionigi Tettamanzi.<\/p>\n<p>Jo\u00e3o XXIII \u00e9 Santo. &#8220;A proclama\u00e7\u00e3o deste dom diante da Igreja e do mundo alimenta a esperan\u00e7a que brota do Evangelho e daqueles que o testemunham de modo luminoso&#8221;, disse Dom Beschi.<\/p>\n<p>&#8220;Queremos acolher esse dom que \u00e9, em primeiro lugar, a consci\u00eancia da riqueza, do tesouro de f\u00e9 da terra em que ele nasceu. Um tesouro que, devemos reconhecer, se conservou, embora sintamos todo o compromisso de renovar e de alimentar essa f\u00e9. Al\u00e9m disso \u2013 acrescentou Dom Beschi \u2013, um dom por demais precioso nos \u00e9 dado pelos tra\u00e7os do Papa Jo\u00e3o XXIII, por essa sua capacidade de encontrar o cora\u00e7\u00e3o de toda pessoa: cada pessoa que ele encontrou se sentiu reconhecida.&#8221;<\/p>\n<p>O bispo de B\u00e9rgamo ressaltou que o Papa Roncalli tinha o dom de fazer brotar, nas pessoas, as sementes da fraternidade e da solidariedade:<\/p>\n<p>&#8220;O Papa Roncalli tinha o dom de suscitar a parte melhor de cada pessoa que entrasse em contato com a sua palavra, o seu gesto, o seu magist\u00e9rio. Ademais, parece-me absolutamente imperioso \u2013 no sentido que \u00e9 um dever moral \u2013 colher a rela\u00e7\u00e3o entre essa grande intui\u00e7\u00e3o espiritual do Papa Jo\u00e3o XXIII \u2013 docilidade ao Esp\u00edrito Santo, como disse o Papa Francisco \u2013 e o Conc\u00edlio. Portanto, falar sobre o Papa Jo\u00e3o XXIII significa tamb\u00e9m haurir continuamente dessa grande experi\u00eancia de Igreja que tra\u00e7a o caminho para o futuro.&#8221;<\/p>\n<p>Durante a homilia Dom Beschi leu a mensagem que este domingo entregou ao Papa Francisco em resposta \u00e0 que o Santo Padre dirigira \u00e0 comunidade bergamasca, exortada a conservar a mem\u00f3ria do terreno em que nasceu a santidade do Papa Roncalli, a acolher a mudan\u00e7a e a trilhar com convic\u00e7\u00e3o ao longo do caminho tra\u00e7ado pelo Conc\u00edlio.<\/p>\n<p>Trata-se \u2013 explicou o prelado \u2013 de um convite que requer como resposta um aut\u00eantico testemunho:<\/p>\n<p>&#8220;O convite \u00e9 mult\u00edplice. Creio poder dizer que a comunidade bergamasca, tamb\u00e9m na hist\u00f3ria atual, esteja disposta a acolher esse convite. Trata-se, efetivamente, de n\u00e3o relegar esse fato somente \u00e0 beleza da celebra\u00e7\u00e3o, mas carreg\u00e1-lo, depois, em nossa vida cotidiana. \u00c9 o que desejo. Confio nisso com grande convic\u00e7\u00e3o.&#8221;<\/p>\n<p>Por sua vez, o Cardeal Tettamanzi recordou que a voca\u00e7\u00e3o \u00e0 santidade interpela todo crist\u00e3o:<\/p>\n<p>&#8220;Demos gra\u00e7as ao Senhor por esta santidade que \u00e9 uma riqueza para a Igreja e para a humanidade. Mas o verdadeiro problema \u00e9 cada um de n\u00f3s, que tem um des\u00edgnio grandioso da parte de Deus: o de tornar-nos todos santos. Transformaria a Igreja, porque seria mais evang\u00e9lica. Mas transformaria tamb\u00e9m a nossa sociedade, no signo de uma maior solidariedade e justi\u00e7a, com uma particular aten\u00e7\u00e3o para quem sofre.&#8221;<\/p>\n<p>Fonte: R\u00e1dio Vaticano<br \/>Local: Cidade do Vaticano<\/p>\n","protected":false},"excerpt":{"rendered":"<p>Muitos fi\u00e9is de B\u00e9rgamo \u2013 norte da It\u00e1lia \u2013 participaram na manh\u00e3 desta segunda-feira, na igreja romana de &#8220;San Carlo al Corso&#8221; \u2013 onde o Papa Roncalli foi ordenado bispo \u2013, da celebra\u00e7\u00e3o eucar\u00edstica em a\u00e7\u00e3o de gra\u00e7a pela Canoniza\u00e7\u00e3o de Jo\u00e3o XXIII. A santa missa foi concelebrada pelo bispo de B\u00e9rgamo, Dom Francesco Beschi, [&hellip;]<\/p>\n","protected":false},"author":1,"featured_media":0,"comment_status":"closed","ping_status":"closed","sticky":false,"template":"","format":"standard","meta":{"footnotes":""},"categories":[4],"tags":[],"class_list":["post-4540","post","type-post","status-publish","format-standard","hentry","category-cotidiano"],"_links":{"self":[{"href":"https:\/\/catolicanet.net\/wp-cnet\/wp-json\/wp\/v2\/posts\/4540","targetHints":{"allow":["GET"]}}],"collection":[{"href":"https:\/\/catolicanet.net\/wp-cnet\/wp-json\/wp\/v2\/posts"}],"about":[{"href":"https:\/\/catolicanet.net\/wp-cnet\/wp-json\/wp\/v2\/types\/post"}],"author":[{"embeddable":true,"href":"https:\/\/catolicanet.net\/wp-cnet\/wp-json\/wp\/v2\/users\/1"}],"replies":[{"embeddable":true,"href":"https:\/\/catolicanet.net\/wp-cnet\/wp-json\/wp\/v2\/comments?post=4540"}],"version-history":[{"count":1,"href":"https:\/\/catolicanet.net\/wp-cnet\/wp-json\/wp\/v2\/posts\/4540\/revisions"}],"predecessor-version":[{"id":9433,"href":"https:\/\/catolicanet.net\/wp-cnet\/wp-json\/wp\/v2\/posts\/4540\/revisions\/9433"}],"wp:attachment":[{"href":"https:\/\/catolicanet.net\/wp-cnet\/wp-json\/wp\/v2\/media?parent=4540"}],"wp:term":[{"taxonomy":"category","embeddable":true,"href":"https:\/\/catolicanet.net\/wp-cnet\/wp-json\/wp\/v2\/categories?post=4540"},{"taxonomy":"post_tag","embeddable":true,"href":"https:\/\/catolicanet.net\/wp-cnet\/wp-json\/wp\/v2\/tags?post=4540"}],"curies":[{"name":"wp","href":"https:\/\/api.w.org\/{rel}","templated":true}]}}