{"id":45397,"date":"2018-11-14T16:15:59","date_gmt":"2018-11-14T18:15:59","guid":{"rendered":"http:\/\/catolicanet.net\/wp-cnet\/?p=45397"},"modified":"2018-11-14T16:15:59","modified_gmt":"2018-11-14T18:15:59","slug":"pedem-respeitar-a-dignidade-do-doente-e-seu-processo-de-cura","status":"publish","type":"post","link":"https:\/\/catolicanet.net\/wp-cnet\/pedem-respeitar-a-dignidade-do-doente-e-seu-processo-de-cura\/","title":{"rendered":"Pedem respeitar a dignidade do doente e seu processo de cura"},"content":{"rendered":"<p>No domingo, 11 de novembro, foi celebrado o 26\u00ba Dia Nacional do Doente na Argentina e a Comiss\u00e3o Episcopal da Pastoral da Sa\u00fade pediu que se &#8220;respeite a dignidade da pessoa doente e a coloque sempre no centro do processo de cura&#8221;.<\/p>\n<p>Em sua mensagem do Dia Nacional do Doente, a comiss\u00e3o convidou a aprender &#8220;da criatividade, impulsionada pela caridade, de muitas iniciativas empreendidas ao longo dos s\u00e9culos; o compromisso na investiga\u00e7\u00e3o cient\u00edfica, para oferecer aos doentes uma aten\u00e7\u00e3o inovadora e confi\u00e1vel&#8221;.<\/p>\n<p>Nesse sentido, \u201ca intelig\u00eancia organizacional e a caridade pedem que se respeite a dignidade da pessoa doente e a coloque sempre no centro do processo de cura&#8221;.<\/p>\n<p>E acrescentou que neste chamado tamb\u00e9m devem se sentir interpelados &#8220;os crist\u00e3os que trabalham nos lugares p\u00fablicos e que, pelo seu servi\u00e7o, s\u00e3o chamados a dar um bom testemunho do Evangelho&#8221;.<\/p>\n<p>&#8220;Porque a pastoral da sa\u00fade continua sendo, e sempre ser\u00e1, uma miss\u00e3o necess\u00e1ria e essencial que deve ser vivida com entusiasmo tanto nas comunidades paroquiais como nos centros de cuidados mais excelentes&#8221;, assegurou a Comiss\u00e3o Episcopal.<\/p>\n<p>&#8220;A aten\u00e7\u00e3o oferecida na fam\u00edlia \u00e9 um testemunho extraordin\u00e1rio de amor pelo ser humano que deve ser apoiado com um reconhecimento adequado e com pol\u00edticas apropriadas&#8221;.<\/p>\n<p>Nesse processo, tanto m\u00e9dicos e enfermeiros, como sacerdotes, consagrados, volunt\u00e1rios e familiares, &#8220;todos aqueles que se comprometem no cuidado dos doentes, participam nesta miss\u00e3o eclesial&#8221;, destacou.<\/p>\n<p>&#8220;Trata-se de uma responsabilidade compartilhada que enriquece o valor do servi\u00e7o di\u00e1rio de cada pessoa&#8221;, acrescentou.<\/p>\n<p>Durante este dia, algumas par\u00f3quias realizaram gestos significativos com os doentes, por exemplo, ofereceram a <a href=\"https:\/\/www.acidigital.com\/fiestas\/eucaristia\/index.html\">Missa<\/a>, visitaram hospitais e lares para idosos, com o objetivo de levar-lhes consolo, fortaleza e paz.<\/p>\n<p>Al\u00e9m disso, sensibilizaram acerca do trabalho da pastoral a fim de despertar novas voca\u00e7\u00f5es que se comprometam neste servi\u00e7o de amor e miseric\u00f3rdia.<\/p>\n","protected":false},"excerpt":{"rendered":"<p>No domingo, 11 de novembro, foi celebrado o 26\u00ba Dia Nacional do Doente na Argentina e a Comiss\u00e3o Episcopal da Pastoral da Sa\u00fade pediu que se &#8220;respeite a dignidade da pessoa doente e a coloque sempre no centro do processo de cura&#8221;. Em sua mensagem do Dia Nacional do Doente, a comiss\u00e3o convidou a aprender [&hellip;]<\/p>\n","protected":false},"author":1,"featured_media":45398,"comment_status":"open","ping_status":"closed","sticky":false,"template":"","format":"standard","meta":{"footnotes":""},"categories":[4],"tags":[],"class_list":["post-45397","post","type-post","status-publish","format-standard","has-post-thumbnail","hentry","category-cotidiano"],"_links":{"self":[{"href":"https:\/\/catolicanet.net\/wp-cnet\/wp-json\/wp\/v2\/posts\/45397","targetHints":{"allow":["GET"]}}],"collection":[{"href":"https:\/\/catolicanet.net\/wp-cnet\/wp-json\/wp\/v2\/posts"}],"about":[{"href":"https:\/\/catolicanet.net\/wp-cnet\/wp-json\/wp\/v2\/types\/post"}],"author":[{"embeddable":true,"href":"https:\/\/catolicanet.net\/wp-cnet\/wp-json\/wp\/v2\/users\/1"}],"replies":[{"embeddable":true,"href":"https:\/\/catolicanet.net\/wp-cnet\/wp-json\/wp\/v2\/comments?post=45397"}],"version-history":[{"count":1,"href":"https:\/\/catolicanet.net\/wp-cnet\/wp-json\/wp\/v2\/posts\/45397\/revisions"}],"predecessor-version":[{"id":45399,"href":"https:\/\/catolicanet.net\/wp-cnet\/wp-json\/wp\/v2\/posts\/45397\/revisions\/45399"}],"wp:featuredmedia":[{"embeddable":true,"href":"https:\/\/catolicanet.net\/wp-cnet\/wp-json\/wp\/v2\/media\/45398"}],"wp:attachment":[{"href":"https:\/\/catolicanet.net\/wp-cnet\/wp-json\/wp\/v2\/media?parent=45397"}],"wp:term":[{"taxonomy":"category","embeddable":true,"href":"https:\/\/catolicanet.net\/wp-cnet\/wp-json\/wp\/v2\/categories?post=45397"},{"taxonomy":"post_tag","embeddable":true,"href":"https:\/\/catolicanet.net\/wp-cnet\/wp-json\/wp\/v2\/tags?post=45397"}],"curies":[{"name":"wp","href":"https:\/\/api.w.org\/{rel}","templated":true}]}}