{"id":4539,"date":"2014-04-28T17:53:47","date_gmt":"2014-04-28T20:53:47","guid":{"rendered":"http:\/\/catolicanet.net\/wp-cnet\/missa-de-acao-de-gracas-wojtyla-e-um-santo-da-familia-da-paz-e-da-defesa-da-vida\/"},"modified":"2017-04-05T11:30:41","modified_gmt":"2017-04-05T14:30:41","slug":"missa-de-acao-de-gracas-wojtyla-e-um-santo-da-familia-da-paz-e-da-defesa-da-vida","status":"publish","type":"post","link":"https:\/\/catolicanet.net\/wp-cnet\/missa-de-acao-de-gracas-wojtyla-e-um-santo-da-familia-da-paz-e-da-defesa-da-vida\/","title":{"rendered":"Missa de a\u00e7\u00e3o de gra\u00e7as: Wojtyla \u00e9 um santo da fam\u00edlia, da paz e da defesa da vida"},"content":{"rendered":"<p style=\"text-align: justify;\"><img decoding=\"async\" src=\"http:\/\/catolicanet.com.br\/images\/stories\/missaspedro.jpg\" border=\"0\" align=\"left\" \/>\u201cS. Jo\u00e3o Paulo II, reze pela Igreja que voc\u00ea tanto amou e impulsionou corajosamente na senda da fidelidade heroica a Jesus\u201d: palavras do Arcipreste da Bas\u00edlica Vaticana, Card. Angelo Comastri, na missa de a\u00e7\u00e3o de gra\u00e7as presidida esta manh\u00e3, na Pra\u00e7a S. Pedro, com a participa\u00e7\u00e3o de cerca de 80 mil fi\u00e9is e peregrinos, sobretudo oriundos da Pol\u00f4nia.<\/p>\n<p>No in\u00edcio de sua homilia, o Card. Comastri recordou uma das imagens mais marcantes do dia do funeral de Karol Wojtyla, com o vento que esfolheava o Evangeli\u00e1rio sobre o seu caix\u00e3o. Nesta imagem, afirmou, est\u00e1 a resposta do porqu\u00ea este Papa foi t\u00e3o amado, \u201cpois toda a sua vida foi uma cont\u00ednua obedi\u00eancia ao Evangelho de Jesus.<\/p>\n<p>Citando o pr\u00f3prio Jo\u00e3o Paulo II, que dizia que os santos n\u00e3o devem ser aplaudidos, mas imitados, o Card. Comastri identificou alguns aspectos que devem servir hoje de inspira\u00e7\u00e3o a todos os cat\u00f3licos. O primeiro deles, a coragem que teve Wojtyla de defender a fam\u00edlia, com in\u00fameros documentos, discursos e a\u00e7\u00f5es.<\/p>\n<p>Depois, o Arcipreste ressaltou a luta em defesa da vida humana de Jo\u00e3o Paulo II, \u201cnuma \u00e9poca em que est\u00e1 se difundindo a cultura do descart\u00e1vel, como mais vezes se expressou o Papa Francisco. Sim, na atual pen\u00faria de amor, os mais fracos s\u00e3o descartados porque o ego\u00edsmo n\u00e3o os suporta, mas os sente como um peso. Fato terr\u00edvel: sinal de uma regress\u00e3o de civilidade\u201d.<\/p>\n<p>A f\u00e9 corajosa de Jo\u00e3o Paulo II, ressaltou ainda o Cardeal, n\u00e3o parou aqui. O Papa polon\u00eas teve a coragem de defender a paz, enquanto sopravam ventos de guerra, como nas duas guerras do Golfo.<\/p>\n<p>Teve a coragem tamb\u00e9m de ir ao encontro dos jovens \u201cpara libert\u00e1-los da cultura do vazio e do ef\u00eamero, e para convid\u00e1-los a acolher Cristo, \u00fanica luz da vida. Os jovens de todo o mundo reconheceram em Jo\u00e3o Paulo II um verdadeiro pai, um guia aut\u00eantico, um educador leal\u201d.<\/p>\n<p>E a coragem de viver diante de todo o mundo a alegria de ser sacerdote, de pertencer a Cristo e de viver totalmente pela causa do seu Reino.<\/p>\n<p>Por fim, Jo\u00e3o Paulo II teve a coragem de enfrentar \u201co inverno mariano\u201d que caracterizou a primeira fase p\u00f3s-conciliar.<\/p>\n<p>O Card. Comastri ent\u00e3o concluiu: \u201cS. Jo\u00e3o Paulo II, reze pela Igreja que voc\u00ea tanto amou e impulsionou corajosamente na senda da fidelidade heroica a Jesus. S\u00e3o Jo\u00e3o Paulo reze por n\u00f3s, para que unidos com o Papa Francisco formemos um s\u00f3 cora\u00e7\u00e3o e uma s\u00f3 alma, para que o mundo creia\u201d.<\/p>\n<p>J\u00e1 na sauda\u00e7\u00e3o aos fi\u00e9is, o Arcebispo de Crac\u00f3via, Card. Stanislao Dziwisz, definiu Jo\u00e3o Paulo II \u201cfilho da terra polonesa, o Papa da Divina Miseric\u00f3rdia&#8221; que, &#8220;que deu vida \u00e0s decis\u00f5es do Conc\u00edlio e introduziu a Igreja no terceiro mil\u00eanio da f\u00e9 crist\u00e3\u201d. O Card. Dziwisz, que durante 40 anos foi secret\u00e1rio de Karol Wojtyla, concluiu recordando que para o Papa polon\u00eas a It\u00e1lia \u201cse tornou uma segunda p\u00e1tria. Hoje, certamente, Jo\u00e3o Paulo II a aben\u00e7oa do alto, assim como aben\u00e7oa a Pol\u00f4nia e o mundo inteiro. No seu cora\u00e7\u00e3o, encontraram lugar todas as na\u00e7\u00f5es, as culturas e as l\u00ednguas&#8221;.<\/p>\n<p><strong>Fonte:<\/strong> R\u00e1dio Vaticano<br \/><strong>Local:<\/strong> Cidade do Vaticano<\/p>\n<p>\u00a0<\/p>\n","protected":false},"excerpt":{"rendered":"<p>\u201cS. Jo\u00e3o Paulo II, reze pela Igreja que voc\u00ea tanto amou e impulsionou corajosamente na senda da fidelidade heroica a Jesus\u201d: palavras do Arcipreste da Bas\u00edlica Vaticana, Card. Angelo Comastri, na missa de a\u00e7\u00e3o de gra\u00e7as presidida esta manh\u00e3, na Pra\u00e7a S. Pedro, com a participa\u00e7\u00e3o de cerca de 80 mil fi\u00e9is e peregrinos, sobretudo [&hellip;]<\/p>\n","protected":false},"author":1,"featured_media":0,"comment_status":"closed","ping_status":"closed","sticky":false,"template":"","format":"standard","meta":{"footnotes":""},"categories":[3],"tags":[],"class_list":["post-4539","post","type-post","status-publish","format-standard","hentry","category-vaticano"],"_links":{"self":[{"href":"https:\/\/catolicanet.net\/wp-cnet\/wp-json\/wp\/v2\/posts\/4539","targetHints":{"allow":["GET"]}}],"collection":[{"href":"https:\/\/catolicanet.net\/wp-cnet\/wp-json\/wp\/v2\/posts"}],"about":[{"href":"https:\/\/catolicanet.net\/wp-cnet\/wp-json\/wp\/v2\/types\/post"}],"author":[{"embeddable":true,"href":"https:\/\/catolicanet.net\/wp-cnet\/wp-json\/wp\/v2\/users\/1"}],"replies":[{"embeddable":true,"href":"https:\/\/catolicanet.net\/wp-cnet\/wp-json\/wp\/v2\/comments?post=4539"}],"version-history":[{"count":1,"href":"https:\/\/catolicanet.net\/wp-cnet\/wp-json\/wp\/v2\/posts\/4539\/revisions"}],"predecessor-version":[{"id":9432,"href":"https:\/\/catolicanet.net\/wp-cnet\/wp-json\/wp\/v2\/posts\/4539\/revisions\/9432"}],"wp:attachment":[{"href":"https:\/\/catolicanet.net\/wp-cnet\/wp-json\/wp\/v2\/media?parent=4539"}],"wp:term":[{"taxonomy":"category","embeddable":true,"href":"https:\/\/catolicanet.net\/wp-cnet\/wp-json\/wp\/v2\/categories?post=4539"},{"taxonomy":"post_tag","embeddable":true,"href":"https:\/\/catolicanet.net\/wp-cnet\/wp-json\/wp\/v2\/tags?post=4539"}],"curies":[{"name":"wp","href":"https:\/\/api.w.org\/{rel}","templated":true}]}}