{"id":4538,"date":"2014-04-28T17:47:29","date_gmt":"2014-04-28T20:47:29","guid":{"rendered":"http:\/\/catolicanet.net\/wp-cnet\/membros-das-caritas-do-cone-sul-reunidos-em-recife\/"},"modified":"2017-04-05T11:29:55","modified_gmt":"2017-04-05T14:29:55","slug":"membros-das-caritas-do-cone-sul-reunidos-em-recife","status":"publish","type":"post","link":"https:\/\/catolicanet.net\/wp-cnet\/membros-das-caritas-do-cone-sul-reunidos-em-recife\/","title":{"rendered":"Membros das C\u00e1ritas do Cone Sul reunidos em Recife"},"content":{"rendered":"<p style=\"text-align: justify;\"><img decoding=\"async\" src=\"http:\/\/catolicanet.com.br\/images\/stories\/caritasconesul.jpg\" border=\"0\" align=\"left\" \/>Para iniciar o processo preparat\u00f3rio rumo ao XVII Congresso Latino-americano e Caribenho da C\u00e1ritas, est\u00e1 em andamento em Recife (PE), o \u201cColombianito Cone Sul\u201d \u2013 um semin\u00e1rio que re\u00fane representantes da entidade do Brasil, da Argentina, do Chile, do Paraguai e do Uruguai.<\/p>\n<p>At\u00e9 ter\u00e7a-feira, 29, os participantes debatem o tema A dimens\u00e3o social da evangeliza\u00e7\u00e3o na Am\u00e9rica Latina e no Caribe e o lema Uma S\u00f3 Fam\u00edlia, alimento para todos. De acordo com a Diretora-Executiva Nacional da C\u00e1ritas Brasileira, Maria Cristina dos Anjos, a finalidade do encontro \u00e9 responder ao desafio da Rede C\u00e1ritas na regi\u00e3o em viver com entusiasmo e alegria o Evangelho da fraternidade e da justi\u00e7a no tempo atual.<\/p>\n<p>Como parte das mobiliza\u00e7\u00f5es para a campanha mundial Uma fam\u00edlia humana, p\u00e3o e justi\u00e7a para todas as pessoas, o semin\u00e1rio ir\u00e1 debater temas relacionados ao desenvolvimento, \u00e0 seguran\u00e7a alimentar e \u00e0 pobreza. Al\u00e9m de uma an\u00e1lise de conjuntura da realidade pol\u00edtica e social da Am\u00e9rica Latina e da Igreja, grupos tem\u00e1ticos ir\u00e3o discutir t\u00f3picos como emerg\u00eancias e gest\u00e3o de riscos, equidade entre mulheres e homens, juventude e comunica\u00e7\u00e3o. O semin\u00e1rio, segundo Maria Cristina, tamb\u00e9m ser\u00e1 um momento de avalia\u00e7\u00e3o dos \u00faltimos quatro anos de caminhada da Rede C\u00e1ritas na Am\u00e9rica Latina e da constru\u00e7\u00e3o de a\u00e7\u00f5es conjuntas para os pr\u00f3ximos anos.<\/p>\n<p>Para a Diretora-Executiva, al\u00e9m das C\u00e1ritas presentes no Cone Sul poderem dialogar sobre os avan\u00e7os e os desafios de cada pa\u00eds, a import\u00e2ncia do semin\u00e1rio est\u00e1 em criar \u201coportunidades de constru\u00e7\u00e3o conjunta de a\u00e7\u00f5es\u201d, tendo em vista a realiza\u00e7\u00e3o do Congresso Latino-Americano e Caribenho que ir\u00e1 aprofundar as tem\u00e1ticas da fome, da pobreza e das desigualdades na regi\u00e3o. \u201cNesse Colombianito, vamos nos debru\u00e7ar sobre as nossas realidades no Cone Sul\u201d, comentou.<\/p>\n<p>Neste sentido, a Rede C\u00e1ritas d\u00e1 continuidade \u00e0 constru\u00e7\u00e3o e defini\u00e7\u00e3o de propostas de a\u00e7\u00f5es para a campanha mundial. \u201cA campanha nos desafia a enfrentar a realidade de pobreza, de fome e de desigualdade que milh\u00f5es de pessoas ainda sofrem. Ela nos d\u00e1 a oportunidade de voltar o nosso olhar para os empobrecidos, para construirmos propostas efetivas de mudan\u00e7a. Vivenciar e enfrentar essas realidades \u00e9 buscar viver verdadeiramente o projeto de Jesus Cristo\u201d, salientou Cristina.<\/p>\n<p>Em Recife, al\u00e9m de especialistas, tamb\u00e9m est\u00e1 presente o Bispo Presidente da C\u00e1ritas Am\u00e9rica Latina e Caribe, Dom Jos\u00e9 Luis Azuaje Ayala.<\/p>\n<p><strong>Fonte:<\/strong> R\u00e1dio Vaticano<br \/><strong>Local:<\/strong> Cidade do Vaticano<\/p>\n","protected":false},"excerpt":{"rendered":"<p>Para iniciar o processo preparat\u00f3rio rumo ao XVII Congresso Latino-americano e Caribenho da C\u00e1ritas, est\u00e1 em andamento em Recife (PE), o \u201cColombianito Cone Sul\u201d \u2013 um semin\u00e1rio que re\u00fane representantes da entidade do Brasil, da Argentina, do Chile, do Paraguai e do Uruguai. At\u00e9 ter\u00e7a-feira, 29, os participantes debatem o tema A dimens\u00e3o social da [&hellip;]<\/p>\n","protected":false},"author":1,"featured_media":0,"comment_status":"closed","ping_status":"closed","sticky":false,"template":"","format":"standard","meta":{"footnotes":""},"categories":[3],"tags":[],"class_list":["post-4538","post","type-post","status-publish","format-standard","hentry","category-vaticano"],"_links":{"self":[{"href":"https:\/\/catolicanet.net\/wp-cnet\/wp-json\/wp\/v2\/posts\/4538","targetHints":{"allow":["GET"]}}],"collection":[{"href":"https:\/\/catolicanet.net\/wp-cnet\/wp-json\/wp\/v2\/posts"}],"about":[{"href":"https:\/\/catolicanet.net\/wp-cnet\/wp-json\/wp\/v2\/types\/post"}],"author":[{"embeddable":true,"href":"https:\/\/catolicanet.net\/wp-cnet\/wp-json\/wp\/v2\/users\/1"}],"replies":[{"embeddable":true,"href":"https:\/\/catolicanet.net\/wp-cnet\/wp-json\/wp\/v2\/comments?post=4538"}],"version-history":[{"count":1,"href":"https:\/\/catolicanet.net\/wp-cnet\/wp-json\/wp\/v2\/posts\/4538\/revisions"}],"predecessor-version":[{"id":9431,"href":"https:\/\/catolicanet.net\/wp-cnet\/wp-json\/wp\/v2\/posts\/4538\/revisions\/9431"}],"wp:attachment":[{"href":"https:\/\/catolicanet.net\/wp-cnet\/wp-json\/wp\/v2\/media?parent=4538"}],"wp:term":[{"taxonomy":"category","embeddable":true,"href":"https:\/\/catolicanet.net\/wp-cnet\/wp-json\/wp\/v2\/categories?post=4538"},{"taxonomy":"post_tag","embeddable":true,"href":"https:\/\/catolicanet.net\/wp-cnet\/wp-json\/wp\/v2\/tags?post=4538"}],"curies":[{"name":"wp","href":"https:\/\/api.w.org\/{rel}","templated":true}]}}