{"id":4537,"date":"2014-04-28T17:34:57","date_gmt":"2014-04-28T20:34:57","guid":{"rendered":"http:\/\/catolicanet.net\/wp-cnet\/morre-emerito-de-uberaba-dom-aloisio-oppermann\/"},"modified":"2017-04-05T11:29:26","modified_gmt":"2017-04-05T14:29:26","slug":"morre-emerito-de-uberaba-dom-aloisio-oppermann","status":"publish","type":"post","link":"https:\/\/catolicanet.net\/wp-cnet\/morre-emerito-de-uberaba-dom-aloisio-oppermann\/","title":{"rendered":"Morre em\u00e9rito de Uberaba, Dom Alo\u00edsio Oppermann"},"content":{"rendered":"<p><img decoding=\"async\" src=\"http:\/\/catolicanet.com.br\/images\/stories\/domroque14.jpg\" border=\"0\" align=\"left\" \/>Na madrugada de domingo, 27, morreu o bispo em\u00e9rito de Uberaba (MG), Dom Alo\u00edsio Roque Oppermann, dehoniano. Seu corpo ser\u00e1 velado na Catedral Metropolitana do Sagrado Cora\u00e7\u00e3o de Jesus, em Uberaba.<\/p>\n<p>A missa de corpo presente ser\u00e1 segunda-feira, 28 de abril, \u00e0s 9h, e em seguida, haver\u00e1 o sepultamento.<\/p>\n<p>Natural de S\u00e3o Vendelino (RS), Dom Oppermann tinha 78 anos. Foi nomeado bispo em Ituiutaba (MG) em 2 de fevereiro de 1983, onde recebeu a ordena\u00e7\u00e3o episcopal em 21 de abril do mesmo ano. Foi bispo de Campanha (MG) por sete anos e tornou-se arcebispo de Uberaba em 1\u00ba de maio de 1996. Foi coordenador da Comiss\u00e3o de Liturgia do Regional Leste 2 por cinco per\u00edodos e membro do Conselho Permanente da CNBB.<\/p>\n<p><strong>Fonte:<\/strong> R\u00e1dio Vaticano<br \/><strong>Local:<\/strong> Uberaba<\/p>\n","protected":false},"excerpt":{"rendered":"<p>Na madrugada de domingo, 27, morreu o bispo em\u00e9rito de Uberaba (MG), Dom Alo\u00edsio Roque Oppermann, dehoniano. Seu corpo ser\u00e1 velado na Catedral Metropolitana do Sagrado Cora\u00e7\u00e3o de Jesus, em Uberaba. A missa de corpo presente ser\u00e1 segunda-feira, 28 de abril, \u00e0s 9h, e em seguida, haver\u00e1 o sepultamento. Natural de S\u00e3o Vendelino (RS), Dom [&hellip;]<\/p>\n","protected":false},"author":1,"featured_media":0,"comment_status":"closed","ping_status":"closed","sticky":false,"template":"","format":"standard","meta":{"footnotes":""},"categories":[3],"tags":[],"class_list":["post-4537","post","type-post","status-publish","format-standard","hentry","category-vaticano"],"_links":{"self":[{"href":"https:\/\/catolicanet.net\/wp-cnet\/wp-json\/wp\/v2\/posts\/4537","targetHints":{"allow":["GET"]}}],"collection":[{"href":"https:\/\/catolicanet.net\/wp-cnet\/wp-json\/wp\/v2\/posts"}],"about":[{"href":"https:\/\/catolicanet.net\/wp-cnet\/wp-json\/wp\/v2\/types\/post"}],"author":[{"embeddable":true,"href":"https:\/\/catolicanet.net\/wp-cnet\/wp-json\/wp\/v2\/users\/1"}],"replies":[{"embeddable":true,"href":"https:\/\/catolicanet.net\/wp-cnet\/wp-json\/wp\/v2\/comments?post=4537"}],"version-history":[{"count":1,"href":"https:\/\/catolicanet.net\/wp-cnet\/wp-json\/wp\/v2\/posts\/4537\/revisions"}],"predecessor-version":[{"id":9430,"href":"https:\/\/catolicanet.net\/wp-cnet\/wp-json\/wp\/v2\/posts\/4537\/revisions\/9430"}],"wp:attachment":[{"href":"https:\/\/catolicanet.net\/wp-cnet\/wp-json\/wp\/v2\/media?parent=4537"}],"wp:term":[{"taxonomy":"category","embeddable":true,"href":"https:\/\/catolicanet.net\/wp-cnet\/wp-json\/wp\/v2\/categories?post=4537"},{"taxonomy":"post_tag","embeddable":true,"href":"https:\/\/catolicanet.net\/wp-cnet\/wp-json\/wp\/v2\/tags?post=4537"}],"curies":[{"name":"wp","href":"https:\/\/api.w.org\/{rel}","templated":true}]}}