{"id":45353,"date":"2018-11-14T09:01:20","date_gmt":"2018-11-14T11:01:20","guid":{"rendered":"http:\/\/catolicanet.net\/wp-cnet\/?p=45353"},"modified":"2018-11-14T09:06:59","modified_gmt":"2018-11-14T11:06:59","slug":"45353-2","status":"publish","type":"post","link":"https:\/\/catolicanet.net\/wp-cnet\/45353-2\/","title":{"rendered":"Audi\u00eancia: a grande verdade \u00e9 que Deus \u00e9 Pai e Nele podemos confiar"},"content":{"rendered":"<div class=\"article__subTitle\">Na Audi\u00eancia Geral de quarta-feira, o Papa Francisco deu continuidade \u00e0s catequeses sobre os 10 mandamentos, falando sobre o oitavo: \u201cN\u00e3o levantar\u00e1s falso testemunho contra teu pr\u00f3ximo\u201d.<\/div>\n<div class=\"title__separator\"><\/div>\n<div class=\"article__text\">\n<p><b>Bianca Fraccalvieri &#8211; Cidade do Vaticano<\/b><\/p>\n<p>\u201cN\u00e3o levantar\u00e1s falso testemunho contra teu pr\u00f3ximo\u201d: a catequese do Papa Francisco na Audi\u00eancia Geral desta quarta-feira (14\/11) foi dedicada ao oitavo mandamento.<\/p>\n<p>Aos milhares de fi\u00e9is e peregrinos na Pra\u00e7a S\u00e3o Pedro, o Pont\u00edfice explicou o significado profundo da verdade. Este mandamento ensina que n\u00e3o podemos falsificar a verdade nas nossas rela\u00e7\u00f5es com os outros.<\/p>\n<h2>Fr\u00e1gil equil\u00edbrio entre a verdade e a mentira<\/h2>\n<p>\u201cViver de comunica\u00e7\u00f5es n\u00e3o aut\u00eanticas \u00e9 grave, porque impede as rela\u00e7\u00f5es e, portanto, o amor. Onde h\u00e1 mentira, n\u00e3o pode haver amor. E quando falamos de comunica\u00e7\u00e3o entre as pessoas n\u00e3o entendemos somente as palavras, mas tamb\u00e9m os gestos, as atitudes e at\u00e9 mesmo os sil\u00eancios e as aus\u00eancias. \u201cUma pessoa fala com tudo aquilo que \u00e9 e o que faz. Todos n\u00f3s vivemos comunicando e estamos continuamente num fr\u00e1gil equil\u00edbrio entre a verdade e a mentira.\u201d<\/p>\n<\/div>\n<p>Que significa dizer a verdade?, perguntou Francisco. \u00c9 algo que vai al\u00e9m do nosso ponto de vista ou a revela\u00e7\u00e3o de fatos pessoais ou reservados. \u00c9 um modo de manifestar o amor.<\/p>\n<p>\u201cAs fofocas matam\u201d, recordou o Papa. \u201c\u00c9 o que disse o ap\u00f3stolo Tiago na sua carta. Os fofoqueiros s\u00e3o pessoas que matam os outros porque a l\u00edngua mata como uma faca. Fiquem atentos. O fofoqueiro \u00e9 um terrorista, porque com a sua l\u00edngua lan\u00e7a a bomba e vai embora e esta bomba destr\u00f3i a fama dos outros. Fofocar \u00e9 matar, n\u00e3o esque\u00e7am.\u201d<\/p>\n<h2>Testemunhar a verdade<\/h2>\n<p>Francisco prosseguiu explicando que as palavras \u201cN\u00e3o levantar\u00e1s falso testemunho contra teu pr\u00f3ximo\u201d pertencem \u00e0 linguagem jur\u00eddica. Os Evangelhos culminam com a narra\u00e7\u00e3o do processo, da execu\u00e7\u00e3o da senten\u00e7a contra Jesus e sua consequ\u00eancia inaudita.<\/p>\n<p>Jesus, quando interrogado por Pilatos, disse que veio a este mundo para dar testemunho da verdade.<\/p>\n<p>A verdade, portanto, encontra sua plena realiza\u00e7\u00e3o na pr\u00f3pria pessoa de Jesus, no seu modo de viver e de morrer, fruto da sua rela\u00e7\u00e3o com o Pai. E esta exist\u00eancia como filho de Deus Jesus a doa tamb\u00e9m a n\u00f3s. Em cada ato, o homem afirma ou nega esta verdade. \u201cEu sou uma testemunha da verdade ou sou um mentiroso fantasiado de verdadeiro? Cada um se questione\u201d, recomendou o Papa.<\/p>\n<h2>Amor sem limites<\/h2>\n<p>A verdade n\u00e3o se limita a discursos, mas \u00e9 um modo de existir, de viver. A verdade \u00e9 a revela\u00e7\u00e3o maravilhosa de Deus, do seu rosto de Pai, do seu amor sem limites. Esta verdade corresponde \u00e0 raz\u00e3o humana, mas a supera infinitamente.<\/p>\n<p>Francisco ent\u00e3o concluiu:<\/p>\n<div>\n<div class=\"article__embed article__embed--border embed_style\">\n<blockquote><p>\u201c N\u00e3o levantar falso testemunho quer dizer viver como filhos de Deus, que jamais desmente a si mesmo, jamais mente, deixando emergir em cada ato a grande verdade: que Deus \u00e9 Pai e \u00e9 poss\u00edvel confiar Nele. Eu confio em Deus, esta \u00e9 a grande verdade. E dessa nossa confian\u00e7a em Deus Pai, de que Ele nos ama, nasce a minha verdade. Ser verdadeiros, n\u00e3o mentirosos. \u201d<\/p><\/blockquote>\n<\/div>\n<\/div>\n<div>\n<div class=\"article__embed article__embed--unwrap article__embed--dark\">\n<div class=\"article__innerTitle\">Ou\u00e7a a reportagem com a voz do Papa Francisco<\/div>\n<div>\n<!--[if lt IE 9]><script>document.createElement('audio');<\/script><![endif]-->\n<audio class=\"wp-audio-shortcode\" id=\"audio-45353-1\" preload=\"none\" style=\"width: 100%;\" controls=\"controls\"><source type=\"audio\/mpeg\" src=\"https:\/\/media.vaticannews.va\/media\/audio\/s1\/2018\/11\/14\/10\/134720973_F134720973.mp3?_=1\" \/><a href=\"https:\/\/media.vaticannews.va\/media\/audio\/s1\/2018\/11\/14\/10\/134720973_F134720973.mp3\">https:\/\/media.vaticannews.va\/media\/audio\/s1\/2018\/11\/14\/10\/134720973_F134720973.mp3<\/a><\/audio>\n<\/div>\n<div><\/div>\n<\/div>\n<\/div>\n","protected":false},"excerpt":{"rendered":"<p>Na Audi\u00eancia Geral de quarta-feira, o Papa Francisco deu continuidade \u00e0s catequeses sobre os 10 mandamentos, falando sobre o oitavo: \u201cN\u00e3o levantar\u00e1s falso testemunho contra teu pr\u00f3ximo\u201d. Bianca Fraccalvieri &#8211; Cidade do Vaticano \u201cN\u00e3o levantar\u00e1s falso testemunho contra teu pr\u00f3ximo\u201d: a catequese do Papa Francisco na Audi\u00eancia Geral desta quarta-feira (14\/11) foi dedicada ao oitavo [&hellip;]<\/p>\n","protected":false},"author":1,"featured_media":45354,"comment_status":"open","ping_status":"closed","sticky":false,"template":"","format":"standard","meta":{"footnotes":""},"categories":[13],"tags":[],"class_list":["post-45353","post","type-post","status-publish","format-standard","has-post-thumbnail","hentry","category-featured"],"_links":{"self":[{"href":"https:\/\/catolicanet.net\/wp-cnet\/wp-json\/wp\/v2\/posts\/45353","targetHints":{"allow":["GET"]}}],"collection":[{"href":"https:\/\/catolicanet.net\/wp-cnet\/wp-json\/wp\/v2\/posts"}],"about":[{"href":"https:\/\/catolicanet.net\/wp-cnet\/wp-json\/wp\/v2\/types\/post"}],"author":[{"embeddable":true,"href":"https:\/\/catolicanet.net\/wp-cnet\/wp-json\/wp\/v2\/users\/1"}],"replies":[{"embeddable":true,"href":"https:\/\/catolicanet.net\/wp-cnet\/wp-json\/wp\/v2\/comments?post=45353"}],"version-history":[{"count":4,"href":"https:\/\/catolicanet.net\/wp-cnet\/wp-json\/wp\/v2\/posts\/45353\/revisions"}],"predecessor-version":[{"id":45358,"href":"https:\/\/catolicanet.net\/wp-cnet\/wp-json\/wp\/v2\/posts\/45353\/revisions\/45358"}],"wp:featuredmedia":[{"embeddable":true,"href":"https:\/\/catolicanet.net\/wp-cnet\/wp-json\/wp\/v2\/media\/45354"}],"wp:attachment":[{"href":"https:\/\/catolicanet.net\/wp-cnet\/wp-json\/wp\/v2\/media?parent=45353"}],"wp:term":[{"taxonomy":"category","embeddable":true,"href":"https:\/\/catolicanet.net\/wp-cnet\/wp-json\/wp\/v2\/categories?post=45353"},{"taxonomy":"post_tag","embeddable":true,"href":"https:\/\/catolicanet.net\/wp-cnet\/wp-json\/wp\/v2\/tags?post=45353"}],"curies":[{"name":"wp","href":"https:\/\/api.w.org\/{rel}","templated":true}]}}