{"id":4535,"date":"2014-04-28T17:21:18","date_gmt":"2014-04-28T20:21:18","guid":{"rendered":"http:\/\/catolicanet.net\/wp-cnet\/papa-francisco-qjoao-xxiii-e-joao-paulo-ii-nao-tiveram-vergonha-da-carne-de-cristoq\/"},"modified":"2017-04-05T11:28:16","modified_gmt":"2017-04-05T14:28:16","slug":"papa-francisco-qjoao-xxiii-e-joao-paulo-ii-nao-tiveram-vergonha-da-carne-de-cristoq","status":"publish","type":"post","link":"https:\/\/catolicanet.net\/wp-cnet\/papa-francisco-qjoao-xxiii-e-joao-paulo-ii-nao-tiveram-vergonha-da-carne-de-cristoq\/","title":{"rendered":"Papa Francisco: &#8220;Jo\u00e3o XXIII e Jo\u00e3o Paulo II n\u00e3o tiveram vergonha da carne de Cristo&#8221;"},"content":{"rendered":"<p style=\"text-align: justify;\"><img decoding=\"async\" src=\"http:\/\/catolicanet.com.br\/images\/stories\/papas\/pracasaopedro.jpg\" border=\"0\" align=\"left\" \/>O Papa Francisco presidiu neste Domingo da Miseric\u00f3rdia na Oitava de P\u00e1scoa, 27 de abril, a missa de canoniza\u00e7\u00e3o dos Papas Jo\u00e3o XXIII e Jo\u00e3o Paulo II, na Pra\u00e7a S\u00e3o Pedro.<\/p>\n<p>A pra\u00e7a, a Via da Concilia\u00e7\u00e3o e demais ruas adjacentes ao Vaticano estavam lotadas de peregrinos que vieram de v\u00e1rias partes do mundo para participar desse evento hist\u00f3rico para a Igreja Cat\u00f3lica. Muitos fi\u00e9is dormiram em sacos de dormir espalhados pelas ruas e quando a Pra\u00e7a S\u00e3o Pedro foi aberta \u00e0s 5h30 locais eles entraram para dentro da pra\u00e7a e esperaram o hor\u00e1rio da celebra\u00e7\u00e3o.<\/p>\n<p>V\u00e1rios fi\u00e9is participaram de vig\u00edlias de ora\u00e7\u00f5es realizadas nas igrejas de Roma. Muitos passaram a noite em claro, cantando, rezando, fazendo adora\u00e7\u00e3o eucar\u00edstica e se confessando. Muitos peregrinos acompanharam a missa de canoniza\u00e7\u00e3o de Jo\u00e3o XXIII e Jo\u00e3o Paulo II atrav\u00e9s de tel\u00f5es espalhados em v\u00e1rios pontos do centro da capital italiana. Segundo o Diretor da Sala de Imprensa da Santa S\u00e9, Pe. Federico Lombardi, pelo menos 800 mil pessoas participaram, em Roma, da missa de canoniza\u00e7\u00e3o de Jo\u00e3o XXIII e Jo\u00e3o Paulo II. Mais de 500 cinemas de 20 pa\u00edses do mundo transmitiram ao vivo a cerim\u00f4nia na Pra\u00e7a S\u00e3o Pedro.<\/p>\n<p>O Papa em\u00e9rito Bento XVI concelebrou com o Papa Francisco a missa de canoniza\u00e7\u00e3o de Jo\u00e3o XXIII e Jo\u00e3o Paulo II. Ao entrar no adro da Bas\u00edlica de S\u00e3o Pedro, pouco antes da cerim\u00f4nia, Bento XVI foi aplaudido pelos fi\u00e9is. Os peregrinos aplaudiram tamb\u00e9m o Papa Francisco quando foi ao encontro do Papa em\u00e9rito para saud\u00e1-lo com um abra\u00e7o.<\/p>\n<p>Durante a cerim\u00f4nia, o Prefeito da Congrega\u00e7\u00e3o das Causas dos Santos, Cardeal Angelo Amato, acompanhado pelos postuladores de Jo\u00e3o XXIII e Jo\u00e3o Paulo II pediu ao Papa Francisco para que os beatos fossem inscritos no &#8220;\u00e1lbum dos Santos&#8221;.<\/p>\n<p>O Santo Padre logo depois proclamou oficialmente a santidade dos dois Papas sob os aplausos dos presentes, proferindo a seguinte f\u00f3rmula de canoniza\u00e7\u00e3o:<\/p>\n<p>&#8220;Em honra da Sant\u00edssima Trindade, para a exalta\u00e7\u00e3o da f\u00e9 cat\u00f3lica e incremento da vida crist\u00e3, com a autoridade de nosso Senhor Jesus Cristo, dos Santos Ap\u00f3stolos Pedro e Paulo e a nossa, ap\u00f3s ter longamente refletido, invocado v\u00e1rias vezes o aux\u00edlio divino e escutado o parecer de nossos irm\u00e3os no episcopado, declaramos e definimos como Santos os Beatos Jo\u00e3o XXIII e Jo\u00e3o Paulo II, inscrevemo-los no \u00c1lbum dos Santos e estabelecemos que em toda a Igreja eles sejam devotamente honrados entre os Santos. Em nome do Pai, do Filho e do Esp\u00edrito Santo.&#8221;<\/p>\n<p>Os relic\u00e1rios dos dois novos santos foram colocados junto ao altar, com as respectivas rel\u00edquias &#8211; uma ampola com o sangue de Jo\u00e3o Paulo II, a mesma da beatifica\u00e7\u00e3o em 2011, e um fragmento da pele de Jo\u00e3o XXIII, recolhido na exuma\u00e7\u00e3o, no ano 2000.<\/p>\n<p>A celebra\u00e7\u00e3o prosseguiu com a Liturgia da Palavra. O Evangelho Segundo S\u00e3o Jo\u00e3o foi lido em latim e grego, para reiterar que nenhuma l\u00edngua \u00e9 estranha ao amor de Deus, assim como ningu\u00e9m era um estranho para o cora\u00e7\u00e3o de Angelo Roncalli e de Karol Wojtyla.<\/p>\n<p>&#8220;No centro deste domingo, que encerra a Oitava de P\u00e1scoa e que Jo\u00e3o Paulo II quis dedicar \u00e0 Divina Miseric\u00f3rdia, encontramos as chagas gloriosas de Jesus ressuscitado. J\u00e1 as mostrara quando apareceu pela primeira vez aos Ap\u00f3stolos, ao anoitecer do dia depois do s\u00e1bado, o dia da Ressurrei\u00e7\u00e3o. Mas, naquela noite, Tom\u00e9 n\u00e3o estava; e quando os outros lhe disseram que tinham visto o Senhor, respondeu que, se n\u00e3o visse e tocasse aquelas feridas, n\u00e3o acreditaria&#8221;, disse o Papa Francisco no in\u00edcio de sua homilia.<\/p>\n<p>&#8220;Oito dias depois, Jesus apareceu de novo no meio dos disc\u00edpulos, no Cen\u00e1culo, encontrando-se presente tamb\u00e9m Tom\u00e9; dirigindo-Se a ele, convidou-o a tocar as suas chagas. E ent\u00e3o aquele homem sincero, aquele homem habituado a verificar tudo pessoalmente, ajoelhou-se diante de Jesus e disse: \u00abMeu Senhor e meu Deus!\u00bb. Se as chagas de Jesus podem ser de esc\u00e2ndalo para a f\u00e9, s\u00e3o tamb\u00e9m a verifica\u00e7\u00e3o da f\u00e9. Por isso, no corpo de Cristo ressuscitado, as chagas n\u00e3o desaparecem, continuam, porque aquelas chagas s\u00e3o o sinal permanente do amor de Deus por n\u00f3s, sendo indispens\u00e1veis para crer em Deus: n\u00e3o para crer que Deus existe, mas sim que Deus \u00e9 amor, miseric\u00f3rdia, fidelidade. Citando Isa\u00edas, S\u00e3o Pedro escreve aos crist\u00e3os: \u00abpelas suas chagas, fostes curados\u00bb&#8221;, disse ainda o Santo Padre.<\/p>\n<p>&#8220;S\u00e3o Jo\u00e3o XXIII e S\u00e3o Jo\u00e3o Paulo II tiveram a coragem de contemplar as feridas de Jesus, tocar as suas m\u00e3os chagadas e o seu lado traspassado. N\u00e3o tiveram vergonha da carne de Cristo, n\u00e3o se escandalizaram d\u2019Ele, da sua cruz; n\u00e3o tiveram vergonha da carne do irm\u00e3o, porque em cada pessoa atribulada viam Jesus. Foram dois homens corajosos, cheios da parresia do Esp\u00edrito Santo, e deram testemunho da bondade de Deus, de sua miseric\u00f3rdia, \u00e0 Igreja e ao mundo. Foram sacerdotes, bispos e papas do s\u00e9culo XX. Conheceram as suas trag\u00e9dias, mas n\u00e3o foram vencidos por elas. Mais forte, neles, era Deus; mais forte era a f\u00e9 em Jesus Cristo, Redentor do homem e Senhor da hist\u00f3ria; mais forte neles, era a miseric\u00f3rdia de Deus que se manifesta nestas cinco chagas; mais forte era a proximidade materna de Maria&#8221;, frisou ainda o Papa Francisco.<\/p>\n<p>Segundo o pont\u00edfice, &#8220;nestes dois homens contemplativos das chagas de Cristo e testemunhas da sua miseric\u00f3rdia, habitava \u00abuma esperan\u00e7a viva\u00bb, juntamente com \u00abuma alegria indescrit\u00edvel e irradiante\u00bb. A esperan\u00e7a e a alegria que Cristo ressuscitado d\u00e1 aos seus disc\u00edpulos, e que nada e ningu\u00e9m os pode privar. A esperan\u00e7a e a alegria pascais, passadas pelo crisol do despojamento, do aniquilamento, da proximidade aos pecadores levada at\u00e9 ao extremo, at\u00e9 a n\u00e1usea pela amargura daquele c\u00e1lice. Estas s\u00e3o a esperan\u00e7a e a alegria que os dois santos Papas receberam como dom do Senhor ressuscitado, tendo-as, por sua vez, doado em abund\u00e2ncia ao Povo de Deus, recebendo sua eterna gratid\u00e3o&#8221;.<\/p>\n<p>&#8220;Esta esperan\u00e7a e esta alegria respiravam-se na primeira comunidade de fi\u00e9is, em Jerusal\u00e9m, da qual nos falam os Atos dos Ap\u00f3stolos. \u00c9 uma comunidade onde se vive o essencial do Evangelho, isto \u00e9, o amor e a miseric\u00f3rdia, com simplicidade e fraternidade.&#8221;<\/p>\n<p>&#8220;E esta \u00e9 a imagem de Igreja que o Conc\u00edlio Vaticano II teve diante de si. Jo\u00e3o XXIII e Jo\u00e3o Paulo II colaboraram com o Esp\u00edrito Santo para restabelecer e atualizar a Igreja segundo a sua fisionomia origin\u00e1ria, a fisionomia que lhes deram os santos ao longo dos s\u00e9culos. N\u00e3o esque\u00e7amos que s\u00e3o precisamente os santos que levam avante e fazem crescer a Igreja. Na convoca\u00e7\u00e3o do Conc\u00edlio, Jo\u00e3o XXIII demonstrou uma delicada docilidade ao Esp\u00edrito Santo, deixou-se conduzir e foi para a Igreja um pastor, um guia-guiado. Este foi o seu grande servi\u00e7o \u00e0 Igreja; foi o Papa da docilidade ao Esp\u00edrito&#8221;, sublinhou Francisco.<\/p>\n<p>&#8220;Neste servi\u00e7o ao Povo de Deus, S\u00e3o Jo\u00e3o Paulo II foi o Papa da fam\u00edlia. Ele mesmo disse uma vez que assim gostaria de ser lembrado: como o Papa da fam\u00edlia. Apraz-me sublinh\u00e1-lo no momento em que estamos vivendo um caminho sinodal sobre a fam\u00edlia e com as fam\u00edlias, um caminho que ele seguramente acompanha e sustenta do C\u00e9u&#8221;, destacou o Santo Padre.<\/p>\n<p>&#8220;Que estes dois novos santos Pastores do Povo de Deus intercedam pela Igreja para que, durante estes dois anos de caminho sinodal, seja d\u00f3cil ao Esp\u00edrito Santo no servi\u00e7o pastoral \u00e0 fam\u00edlia. Que ambos nos ensinem a n\u00e3o nos escandalizarmos das chagas de Cristo, a penetrarmos no mist\u00e9rio da miseric\u00f3rdia divina que sempre espera, sempre perdoa, porque sempre ama&#8221;, concluiu o Papa Francisco.<\/p>\n<p>Participaram da celebra\u00e7\u00e3o de canoniza\u00e7\u00e3o de Jo\u00e3o XXIII e Jo\u00e3o Paulo II mais de 120 delega\u00e7\u00f5es provenientes de v\u00e1rios pa\u00edses, 24 chefes de Estado e monarcas, e 10 chefes de Governo. Tamb\u00e9m estiveram presentes 26 mil volunt\u00e1rios e 10 mil policiais. Foram disponibilizadas 77 ambul\u00e2ncias, muitas das quais da Cruz Vermelha Italiana.<\/p>\n<p><strong>Fonte:<\/strong> R\u00e1dio Vaticano<br \/><strong>Local:<\/strong> Cidade do Vaticano<\/p>\n","protected":false},"excerpt":{"rendered":"<p>O Papa Francisco presidiu neste Domingo da Miseric\u00f3rdia na Oitava de P\u00e1scoa, 27 de abril, a missa de canoniza\u00e7\u00e3o dos Papas Jo\u00e3o XXIII e Jo\u00e3o Paulo II, na Pra\u00e7a S\u00e3o Pedro. A pra\u00e7a, a Via da Concilia\u00e7\u00e3o e demais ruas adjacentes ao Vaticano estavam lotadas de peregrinos que vieram de v\u00e1rias partes do mundo para [&hellip;]<\/p>\n","protected":false},"author":1,"featured_media":0,"comment_status":"closed","ping_status":"closed","sticky":false,"template":"","format":"standard","meta":{"footnotes":""},"categories":[3],"tags":[],"class_list":["post-4535","post","type-post","status-publish","format-standard","hentry","category-vaticano"],"_links":{"self":[{"href":"https:\/\/catolicanet.net\/wp-cnet\/wp-json\/wp\/v2\/posts\/4535","targetHints":{"allow":["GET"]}}],"collection":[{"href":"https:\/\/catolicanet.net\/wp-cnet\/wp-json\/wp\/v2\/posts"}],"about":[{"href":"https:\/\/catolicanet.net\/wp-cnet\/wp-json\/wp\/v2\/types\/post"}],"author":[{"embeddable":true,"href":"https:\/\/catolicanet.net\/wp-cnet\/wp-json\/wp\/v2\/users\/1"}],"replies":[{"embeddable":true,"href":"https:\/\/catolicanet.net\/wp-cnet\/wp-json\/wp\/v2\/comments?post=4535"}],"version-history":[{"count":1,"href":"https:\/\/catolicanet.net\/wp-cnet\/wp-json\/wp\/v2\/posts\/4535\/revisions"}],"predecessor-version":[{"id":9428,"href":"https:\/\/catolicanet.net\/wp-cnet\/wp-json\/wp\/v2\/posts\/4535\/revisions\/9428"}],"wp:attachment":[{"href":"https:\/\/catolicanet.net\/wp-cnet\/wp-json\/wp\/v2\/media?parent=4535"}],"wp:term":[{"taxonomy":"category","embeddable":true,"href":"https:\/\/catolicanet.net\/wp-cnet\/wp-json\/wp\/v2\/categories?post=4535"},{"taxonomy":"post_tag","embeddable":true,"href":"https:\/\/catolicanet.net\/wp-cnet\/wp-json\/wp\/v2\/tags?post=4535"}],"curies":[{"name":"wp","href":"https:\/\/api.w.org\/{rel}","templated":true}]}}