{"id":45313,"date":"2018-11-13T08:56:45","date_gmt":"2018-11-13T10:56:45","guid":{"rendered":"http:\/\/catolicanet.net\/wp-cnet\/?p=45313"},"modified":"2018-11-13T08:56:45","modified_gmt":"2018-11-13T10:56:45","slug":"santa-se-mais-apoio-aos-refugiados-palestinos-aprovacao-a-dois-estados","status":"publish","type":"post","link":"https:\/\/catolicanet.net\/wp-cnet\/santa-se-mais-apoio-aos-refugiados-palestinos-aprovacao-a-dois-estados\/","title":{"rendered":"Santa S\u00e9: mais apoio aos refugiados palestinos. Aprova\u00e7\u00e3o a dois Estados"},"content":{"rendered":"<div class=\"article__subTitle\">A Santa S\u00e9 reitera seu apoio incondicionado \u00e0 solu\u00e7\u00e3o de dois Estados como \u00fanico caminho percorr\u00edvel e a longo prazo para enfrentar o problema do povo palestino ap\u00f3lida e, ao mesmo tempo, pede \u00e0 comunidade internacional mais ajuda \u00e0 UNRWA, a Ag\u00eancia das Na\u00e7\u00f5es Unidas de assist\u00eancia aos refugiados da Palestina<\/div>\n<div class=\"title__separator\"><\/div>\n<div class=\"article__text\">\n<p><b>Cidade do Vaticano<\/b><\/p>\n<p>\u201cHoje a UNRWA enfrenta seu maior d\u00e9ficit de financiamentos\u201d, afirmou D. Bernardito Auza, n\u00fancio apost\u00f3lico e Observador permanente da Santa S\u00e9 no seu discurso \u00e0 ONU em Nova York, na segunda-feira 12 de novembro.<\/p>\n<div>\n<div class=\"article__embed article__embed--unwrap article__embed--dark\">\n<div class=\"article__innerTitle\">Ou\u00e7a e compartilhe<\/div>\n<!--[if lt IE 9]><script>document.createElement('audio');<\/script><![endif]-->\n<audio class=\"wp-audio-shortcode\" id=\"audio-45313-1\" preload=\"none\" style=\"width: 100%;\" controls=\"controls\"><source type=\"audio\/mpeg\" src=\"https:\/\/media.vaticannews.va\/media\/audio\/s1\/2018\/11\/13\/10\/134719244_F134719244.mp3?_=1\" \/><a href=\"https:\/\/media.vaticannews.va\/media\/audio\/s1\/2018\/11\/13\/10\/134719244_F134719244.mp3\">https:\/\/media.vaticannews.va\/media\/audio\/s1\/2018\/11\/13\/10\/134719244_F134719244.mp3<\/a><\/audio>\n<\/div>\n<\/div>\n<h2><b>Import\u00e2ncia da UNRWA para os refugiados da Palestina<\/b><\/h2>\n<p>O arcebispo elogia o trabalho da ag\u00eancia da ONU que presta ajuda a 5,6 milh\u00f5es de refugiados palestinos: \u201cApenas em Gaza, onde o desemprego \u00e9 de cerca 43% , &#8211; observa Dom Auza &#8211; a UNRWA oferece trabalho para mais de 13.000 pessoas\u201d. \u201cEm uma situa\u00e7\u00e3o que n\u00e3o mostra nenhum sinal de resolu\u00e7\u00e3o a curto prazo\u201d, esta ag\u00eancia, segundo o bispo, \u201ccontinua sendo o melhor meio para evitar que a crise piore ainda mais o que levaria a um maior custo para a comunidade internacional\u201d. O maior problema segundo o n\u00fancio apost\u00f3lico \u00e9 o grande deficit de financiamentos de mais de 200 milh\u00f5es de d\u00f3lares, nas finan\u00e7as da Ag\u00eancia: \u201cAs necessidades s\u00e3o bem maiores do que as contribui\u00e7\u00f5es financeiras volunt\u00e1rias\u201d, e a comunidade internacional \u00e9 chamada a \u201cmostrar uma maior sensibilidade diante da situa\u00e7\u00e3o dos refugiados palestinos\u201d presentes principalmente na Cisjord\u00e2nia, Gaza, Jord\u00e2nia, L\u00edbano e S\u00edria.<\/p>\n<h2><b>N\u00e3o a interpreta\u00e7\u00e3o redutiva do status de refugiado palestino<\/b><\/h2>\n<p>Dom Bernardito Auza exprime tamb\u00e9m grande preocupa\u00e7\u00e3o pela tend\u00eancia a \u201climitar a compreens\u00e3o do status dos refugiados palestinos\u00a0 apenas aos que fugiram da Palestina em 1948, excluindo assim os descendentes do lado paterno\u201d. Trata-se de \u201cuma compreens\u00e3o restritiva\u201d que, destaca o arcebispo, \u201cprivaria muitos descendentes ap\u00f3lidas do leg\u00edtimo direito de ser usufruir a condi\u00e7\u00e3o de refugiado\u201d. Portanto \u00e9 urgente uma resolu\u00e7\u00e3o do problema por parte da comunidade internacional.<\/p>\n<h2><b>Voltar \u00e0s negocia\u00e7\u00f5es para a solu\u00e7\u00e3o de dois Estados<\/b><\/h2>\n<p>Se paz e reconcilia\u00e7\u00e3o ainda n\u00e3o s\u00e3o objetivos pr\u00f3ximos e percorrem um caminho cheio de \u201cbloqueios e dificuldades aparentemente insuper\u00e1veis\u201d, a Santa S\u00e9 volta a pedir o retorno das negocia\u00e7\u00f5es e sugere com for\u00e7a como o \u00fanico caminho percorr\u00edvel a solu\u00e7\u00e3o dos dois Estados. \u201cAt\u00e9 quando as negocia\u00e7\u00f5es n\u00e3o derem um resultado tang\u00edvel e duradouro, &#8211; afirma Dom Auza &#8211; o trabalho da UNRWA n\u00e3o ser\u00e1 completo\u201d, por isso o prelado lan\u00e7a o apelo de renovar o mandato da Ag\u00eancia que deveria vencer em 2020.<\/p>\n<p>A proximidade do 70\u00ba anivers\u00e1rio da Declara\u00e7\u00e3o Universal dos Direitos Humanos, deve ser um est\u00edmulo para que a comunidade internacional assuma um compromisso de que \u201ctodos os povos, incluindo os palestinos, possam celebrar e usufruir dos direitos fundamentais aprovados pela Carta\u201d.<\/p>\n<p>&nbsp;<\/p>\n<\/div>\n","protected":false},"excerpt":{"rendered":"<p>A Santa S\u00e9 reitera seu apoio incondicionado \u00e0 solu\u00e7\u00e3o de dois Estados como \u00fanico caminho percorr\u00edvel e a longo prazo para enfrentar o problema do povo palestino ap\u00f3lida e, ao mesmo tempo, pede \u00e0 comunidade internacional mais ajuda \u00e0 UNRWA, a Ag\u00eancia das Na\u00e7\u00f5es Unidas de assist\u00eancia aos refugiados da Palestina Cidade do Vaticano \u201cHoje [&hellip;]<\/p>\n","protected":false},"author":1,"featured_media":45314,"comment_status":"open","ping_status":"closed","sticky":false,"template":"","format":"standard","meta":{"footnotes":""},"categories":[13],"tags":[],"class_list":["post-45313","post","type-post","status-publish","format-standard","has-post-thumbnail","hentry","category-featured"],"_links":{"self":[{"href":"https:\/\/catolicanet.net\/wp-cnet\/wp-json\/wp\/v2\/posts\/45313","targetHints":{"allow":["GET"]}}],"collection":[{"href":"https:\/\/catolicanet.net\/wp-cnet\/wp-json\/wp\/v2\/posts"}],"about":[{"href":"https:\/\/catolicanet.net\/wp-cnet\/wp-json\/wp\/v2\/types\/post"}],"author":[{"embeddable":true,"href":"https:\/\/catolicanet.net\/wp-cnet\/wp-json\/wp\/v2\/users\/1"}],"replies":[{"embeddable":true,"href":"https:\/\/catolicanet.net\/wp-cnet\/wp-json\/wp\/v2\/comments?post=45313"}],"version-history":[{"count":1,"href":"https:\/\/catolicanet.net\/wp-cnet\/wp-json\/wp\/v2\/posts\/45313\/revisions"}],"predecessor-version":[{"id":45315,"href":"https:\/\/catolicanet.net\/wp-cnet\/wp-json\/wp\/v2\/posts\/45313\/revisions\/45315"}],"wp:featuredmedia":[{"embeddable":true,"href":"https:\/\/catolicanet.net\/wp-cnet\/wp-json\/wp\/v2\/media\/45314"}],"wp:attachment":[{"href":"https:\/\/catolicanet.net\/wp-cnet\/wp-json\/wp\/v2\/media?parent=45313"}],"wp:term":[{"taxonomy":"category","embeddable":true,"href":"https:\/\/catolicanet.net\/wp-cnet\/wp-json\/wp\/v2\/categories?post=45313"},{"taxonomy":"post_tag","embeddable":true,"href":"https:\/\/catolicanet.net\/wp-cnet\/wp-json\/wp\/v2\/tags?post=45313"}],"curies":[{"name":"wp","href":"https:\/\/api.w.org\/{rel}","templated":true}]}}