{"id":4530,"date":"2014-04-25T13:43:50","date_gmt":"2014-04-25T16:43:50","guid":{"rendered":"http:\/\/catolicanet.net\/wp-cnet\/reflexao-para-a-sexta-feira-pascal\/"},"modified":"2017-04-05T11:24:30","modified_gmt":"2017-04-05T14:24:30","slug":"reflexao-para-a-sexta-feira-pascal","status":"publish","type":"post","link":"https:\/\/catolicanet.net\/wp-cnet\/reflexao-para-a-sexta-feira-pascal\/","title":{"rendered":"Reflex\u00e3o para a sexta-feira pascal"},"content":{"rendered":"<p style=\"text-align: justify;\"><img decoding=\"async\" src=\"http:\/\/catolicanet.com.br\/images\/stories\/santaceia.jpg\" border=\"0\" align=\"left\" \/>No Evangelho de hoje temos a terceira e \u00faltima apari\u00e7\u00e3o de Jesus aos disc\u00edpulos. Os protagonistas, al\u00e9m do Senhor, s\u00e3o o \u201cdisc\u00edpulo a quem o Senhor amava\u201d e Pedro, o chefe dos Ap\u00f3stolos.<br \/>Jesus toma a iniciativa e se imp\u00f5e a eles, atrav\u00e9s de um gesto j\u00e1 conhecido, a multiplica\u00e7\u00e3o de peixes. Mas, apesar de tudo, apenas<br \/>Jo\u00e3o tem a vista e o cora\u00e7\u00e3o bem precisos para identificar o Senhor e Pedro, o entusiasmo para jogar-se na \u00e1gua e alcan\u00e7\u00e1-lo.<\/p>\n<p>O peixe e o p\u00e3o sobre brasas, na praia, sinaliza que o Senhor continua servindo. Ele apareceu para mostrar a regi\u00e3o dos peixes, depois ofereceu p\u00e3o e peixe aquecidos sobre uma fogueira.<\/p>\n<p>Ap\u00f3s a experi\u00eancia de servi\u00e7o, de fraternidade oferecida por Jesus, Pedro e Jo\u00e3o v\u00e3o at\u00e9 o Templo e l\u00e1, colocam tudo em pr\u00e1tica, anunciando o Senhor.<\/p>\n<p>Que nossa ora\u00e7\u00e3o, nossa eucaristia sejam fecundas! Aproximamo-nos do Senhor para, em seguida, irmos aos irm\u00e3os.<\/p>\n<p>Pe. Cesar Augusto dos Santos, SJ<\/p>\n<p style=\"text-align: justify;\"><strong>Fonte:<\/strong> R\u00e1dio Vaticano<br \/><strong>Local:<\/strong> Cidade do Vaticano<\/p>\n<p>\u00a0<\/p>\n","protected":false},"excerpt":{"rendered":"<p>No Evangelho de hoje temos a terceira e \u00faltima apari\u00e7\u00e3o de Jesus aos disc\u00edpulos. Os protagonistas, al\u00e9m do Senhor, s\u00e3o o \u201cdisc\u00edpulo a quem o Senhor amava\u201d e Pedro, o chefe dos Ap\u00f3stolos.Jesus toma a iniciativa e se imp\u00f5e a eles, atrav\u00e9s de um gesto j\u00e1 conhecido, a multiplica\u00e7\u00e3o de peixes. Mas, apesar de tudo, [&hellip;]<\/p>\n","protected":false},"author":1,"featured_media":0,"comment_status":"closed","ping_status":"closed","sticky":false,"template":"","format":"standard","meta":{"footnotes":""},"categories":[3],"tags":[],"class_list":["post-4530","post","type-post","status-publish","format-standard","hentry","category-vaticano"],"_links":{"self":[{"href":"https:\/\/catolicanet.net\/wp-cnet\/wp-json\/wp\/v2\/posts\/4530","targetHints":{"allow":["GET"]}}],"collection":[{"href":"https:\/\/catolicanet.net\/wp-cnet\/wp-json\/wp\/v2\/posts"}],"about":[{"href":"https:\/\/catolicanet.net\/wp-cnet\/wp-json\/wp\/v2\/types\/post"}],"author":[{"embeddable":true,"href":"https:\/\/catolicanet.net\/wp-cnet\/wp-json\/wp\/v2\/users\/1"}],"replies":[{"embeddable":true,"href":"https:\/\/catolicanet.net\/wp-cnet\/wp-json\/wp\/v2\/comments?post=4530"}],"version-history":[{"count":1,"href":"https:\/\/catolicanet.net\/wp-cnet\/wp-json\/wp\/v2\/posts\/4530\/revisions"}],"predecessor-version":[{"id":9424,"href":"https:\/\/catolicanet.net\/wp-cnet\/wp-json\/wp\/v2\/posts\/4530\/revisions\/9424"}],"wp:attachment":[{"href":"https:\/\/catolicanet.net\/wp-cnet\/wp-json\/wp\/v2\/media?parent=4530"}],"wp:term":[{"taxonomy":"category","embeddable":true,"href":"https:\/\/catolicanet.net\/wp-cnet\/wp-json\/wp\/v2\/categories?post=4530"},{"taxonomy":"post_tag","embeddable":true,"href":"https:\/\/catolicanet.net\/wp-cnet\/wp-json\/wp\/v2\/tags?post=4530"}],"curies":[{"name":"wp","href":"https:\/\/api.w.org\/{rel}","templated":true}]}}