{"id":4524,"date":"2014-04-23T17:25:22","date_gmt":"2014-04-23T20:25:22","guid":{"rendered":"http:\/\/catolicanet.net\/wp-cnet\/pensamento-do-dia-25\/"},"modified":"2017-04-05T11:20:41","modified_gmt":"2017-04-05T14:20:41","slug":"pensamento-do-dia-25","status":"publish","type":"post","link":"https:\/\/catolicanet.net\/wp-cnet\/pensamento-do-dia-25\/","title":{"rendered":"Pensamento do dia"},"content":{"rendered":"<p style=\"text-align: center;\"><img decoding=\"async\" src=\"http:\/\/catolicanet.com.br\/images\/stories\/madreterezacalcuta.jpg\" border=\"0\" \/><\/p>\n<p>O senhor n\u00e3o daria banho a um leproso nem por um milh\u00e3o de d\u00f3lares? <br \/>Eu tamb\u00e9m n\u00e3o. S\u00f3 por amor se pode dar banho a um leproso.<\/p>\n<p><strong>(Madre Teresa de Calcut\u00e1)<\/strong><\/p>\n<p style=\"text-align: center;\">\u00a0<\/p>\n<p style=\"text-align: center;\">\u00a0<\/p>\n<p style=\"text-align: justify;\"><strong>Fonte:<\/strong> Catolicanet<br \/><strong>Local:<\/strong> S\u00e3o Paulo (SP)<\/p>\n","protected":false},"excerpt":{"rendered":"<p>O senhor n\u00e3o daria banho a um leproso nem por um milh\u00e3o de d\u00f3lares? Eu tamb\u00e9m n\u00e3o. S\u00f3 por amor se pode dar banho a um leproso. (Madre Teresa de Calcut\u00e1) \u00a0 \u00a0 Fonte: CatolicanetLocal: S\u00e3o Paulo (SP)<\/p>\n","protected":false},"author":1,"featured_media":0,"comment_status":"closed","ping_status":"closed","sticky":false,"template":"","format":"standard","meta":{"footnotes":""},"categories":[4],"tags":[],"class_list":["post-4524","post","type-post","status-publish","format-standard","hentry","category-cotidiano"],"_links":{"self":[{"href":"https:\/\/catolicanet.net\/wp-cnet\/wp-json\/wp\/v2\/posts\/4524","targetHints":{"allow":["GET"]}}],"collection":[{"href":"https:\/\/catolicanet.net\/wp-cnet\/wp-json\/wp\/v2\/posts"}],"about":[{"href":"https:\/\/catolicanet.net\/wp-cnet\/wp-json\/wp\/v2\/types\/post"}],"author":[{"embeddable":true,"href":"https:\/\/catolicanet.net\/wp-cnet\/wp-json\/wp\/v2\/users\/1"}],"replies":[{"embeddable":true,"href":"https:\/\/catolicanet.net\/wp-cnet\/wp-json\/wp\/v2\/comments?post=4524"}],"version-history":[{"count":1,"href":"https:\/\/catolicanet.net\/wp-cnet\/wp-json\/wp\/v2\/posts\/4524\/revisions"}],"predecessor-version":[{"id":9418,"href":"https:\/\/catolicanet.net\/wp-cnet\/wp-json\/wp\/v2\/posts\/4524\/revisions\/9418"}],"wp:attachment":[{"href":"https:\/\/catolicanet.net\/wp-cnet\/wp-json\/wp\/v2\/media?parent=4524"}],"wp:term":[{"taxonomy":"category","embeddable":true,"href":"https:\/\/catolicanet.net\/wp-cnet\/wp-json\/wp\/v2\/categories?post=4524"},{"taxonomy":"post_tag","embeddable":true,"href":"https:\/\/catolicanet.net\/wp-cnet\/wp-json\/wp\/v2\/tags?post=4524"}],"curies":[{"name":"wp","href":"https:\/\/api.w.org\/{rel}","templated":true}]}}