{"id":45210,"date":"2018-11-08T15:31:38","date_gmt":"2018-11-08T17:31:38","guid":{"rendered":"http:\/\/catolicanet.net\/wp-cnet\/?p=45210"},"modified":"2018-11-08T15:31:38","modified_gmt":"2018-11-08T17:31:38","slug":"igreja-tera-novos-beatos-e-veneraveis-servos-de-deus","status":"publish","type":"post","link":"https:\/\/catolicanet.net\/wp-cnet\/igreja-tera-novos-beatos-e-veneraveis-servos-de-deus\/","title":{"rendered":"Igreja ter\u00e1 novos beatos e vener\u00e1veis servos de Deus"},"content":{"rendered":"<div class=\"article__subTitle\">O Papa Francisco autorizou a promulga\u00e7\u00e3o de decretos sobre algumas beatifica\u00e7\u00f5es e o reconhecimento das virtudes heroicas de dez Servos de Deus.<\/div>\n<div class=\"title__separator\"><\/div>\n<div class=\"article__text\">\n<p><b>Cidade do Vaticano<\/b><\/p>\n<p>O Papa Francisco recebeu em audi\u00eancia, nesta quarta-feira (07\/11), o prefeito da Congrega\u00e7\u00e3o das Causas dos Santos, cardeal Angelo Becciu, ao qual autorizou a promulga\u00e7\u00e3o de decretos sobre algumas beatifica\u00e7\u00f5es e o reconhecimento das virtudes heroicas de dez Servos de Deus.<\/p>\n<p>O Pont\u00edfice confirmou o culto h\u00e1 tempo imemor\u00e1vel (beatifica\u00e7\u00e3o equipolente) do Servo de Deus, Michele Giedroj\u0107, leigo professo da Ordem de Santo Agostinho. Nasceu em Giedrojce, na Litu\u00e2nia, por volta do ano 1420. Faleceu em Crac\u00f3via, na Pol\u00f4nia, em 4 de maio de 1485.<\/p>\n<h2><b>Beatas\u00a0duas leigas italianas<\/b><\/h2>\n<p>Proximamente, ser\u00e3o proclamadas beatas duas leigas italianas. Trata-se da Vener\u00e1vel Serva de Deus Edvige Carboni que nasceu em Pozzomaggiore, (It\u00e1lia), em 2 de maio de 1880. Faleceu em Roma em 17 de fevereiro de 1952.<\/p>\n<p>E da Vener\u00e1vel Serva de Deus Benedetta Bianchi Porro que nasceu em \u00a0Dovadola, (It\u00e1lia), em 8 de agosto de 1936. Morreu em Sirmione del Garda (It\u00e1lia) em 23 de janeiro de 1964.<\/p>\n<h2><b>Beatos com o reconhecimento do mart\u00edrio<\/b><\/h2>\n<p>Onze homens ser\u00e3o proclamados beatos com o reconhecimento do mart\u00edrio.<\/p>\n<p>Trata-se do Servo de Deus Angelo Cuartas Crist\u00f3bal e 8 companheiros, alunos do Semin\u00e1rio de Oviedo, na Espanha. Eles foram mortos por \u00f3dio \u00e0 f\u00e9, em Oviedo, de 1934 a 1937.<\/p>\n<p>Do Servo de Deus Mariano Mullerat i Soldevila, leigo e pai de fam\u00edlia que nasceu em Santa Coloma de Queralt, na Espanha, em 24 de mar\u00e7o de 1897. Foi morto por \u00f3dio \u00e0 f\u00e9 em El Pla, perto de Arbeca (Espanha), em 13 de agosto de 1936.<\/p>\n<p>E do Servo de Deus Giacomo Alfredo Miller, irm\u00e3o professo do Instituto dos Irm\u00e3os das Escolas Crist\u00e3s. Nasceu em Stevens Point, nos Estados Unidos, em 21 de setembro de 1944 e foi morto por \u00f3dio \u00e0 f\u00e9, em Huehuetenango, na Guatemala, em 13 de fevereiro de 1982.<\/p>\n<h2><b>Novos Vener\u00e1veis Servos de Deus<\/b><\/h2>\n<p>Com o reconhecimento das virtudes heroicas, a Igreja tem dez novos Vener\u00e1veis Servos de Deus.<\/p>\n<p>&#8211; Giovanni Jacono, arcebispo titular de Mocisso, bispo em\u00e9rito de Caltanissetta. Nasceu em Ragusa, na It\u00e1lia, em 14 de mar\u00e7o de 1873 e morreu em 25 de maio de 1957.<\/p>\n<p>&#8211; Alfredo Maria Obviar, primeiro bispo de Lucena, nas Filipinas, e fundador da Congrega\u00e7\u00e3o as Mission\u00e1rias Catequistas de Santa Teresa do Menino Jesus. Nasceu em Lipa, nas Filipinas, em 29 de agosto de 1889, e morreu em Lucena, em 1\u00b0 de outubro de 1978.<\/p>\n<p>&#8211; Giovanni Ciresola, sacerdote diocesano, fundador da Congrega\u00e7\u00e3o das Pobres Servas do Precios\u00edssimo Sangue, Cen\u00e1culo da Caridade. Nasceu em Quaderni di Villafranca (It\u00e1lia), em 30 de maio de 1902, e morreu em Quinto di Valpantena (It\u00e1lia), em 13 de abril de 1987.<\/p>\n<p>&#8211; Luigi Bosio, sacerdote diocesano que nasceu, em Avesa (It\u00e1lia), em 10 de abril de 1909 e morreu, em Verona (It\u00e1lia), em 27 de janeiro de 1994.<\/p>\n<p>&#8211; Luigi Maria Raineri, cl\u00e9rigo professo da Congrega\u00e7\u00e3o dos Cl\u00e9rigos Regulares de S\u00e3o Paulo, Barnabitas. Nascem, em Turim, na It\u00e1lia, em 19 de novembro de 1895, e morreu, em Crespano (It\u00e1lia), em 24 de novembro de 1918.<\/p>\n<p>&#8211; Raffaella della Passione (no s\u00e9culo: Raffaella Veintemilla Villac\u00eds), fundadora da Congrega\u00e7\u00e3o das Agostinianas Filhas do Sant\u00edssimo Salvador. Nasceu, em \u00a0Quito, no Equador, em 22 de mar\u00e7o de 1836. Morreu, em Lima (Peru), em 25 de novembro de 1918.<\/p>\n<p>&#8211; Maria Antonia di Ges\u00f9 (no s\u00e9culo: Maria Antonia Pereira y Andrade), monja professa da Ordem das Carmelitas Descal\u00e7as. Nasceu, em El Penedo, na Espanha, em 5 de outubro de 1700 e morreu, em Santiago de Compostela, na Espanha, em 10 de mar\u00e7o de 1760.<\/p>\n<p>&#8211; Arcangela Badosa Cuatrecasas, religiosa professa da Congrega\u00e7\u00e3o das Irm\u00e3s da Beata Virgem Maria do Monte Carmelo. Nasceu em Sant Joan les Fonts, na Espanha, em 16 de junho de 1878 e morreu em Elda, Espanha, em 27 de novembro de 1918.<\/p>\n<p>&#8211; Maria Addolorata del Sacro Costato (no s\u00e9culo Maria Luciani), religiosa professa da Congrega\u00e7\u00e3o das Irm\u00e3s da Paix\u00e3o de Jesus Cristo. Nasceu em Montegranaro (It\u00e1lia), em 2 de maio de 1920 e morreu em Teramo (It\u00e1lia), em 23 julho de 1954.<\/p>\n<p>&#8211; Lodovico Coccapani, leigo da Ordem Franciscana Secular. Nasceu em Calcinaia, na It\u00e1lia, em 23 de junho de 1849 e morreu em 14 de novembro de 1931.<\/p>\n<\/div>\n","protected":false},"excerpt":{"rendered":"<p>O Papa Francisco autorizou a promulga\u00e7\u00e3o de decretos sobre algumas beatifica\u00e7\u00f5es e o reconhecimento das virtudes heroicas de dez Servos de Deus. Cidade do Vaticano O Papa Francisco recebeu em audi\u00eancia, nesta quarta-feira (07\/11), o prefeito da Congrega\u00e7\u00e3o das Causas dos Santos, cardeal Angelo Becciu, ao qual autorizou a promulga\u00e7\u00e3o de decretos sobre algumas beatifica\u00e7\u00f5es [&hellip;]<\/p>\n","protected":false},"author":1,"featured_media":45211,"comment_status":"open","ping_status":"closed","sticky":false,"template":"","format":"standard","meta":{"footnotes":""},"categories":[4],"tags":[],"class_list":["post-45210","post","type-post","status-publish","format-standard","has-post-thumbnail","hentry","category-cotidiano"],"_links":{"self":[{"href":"https:\/\/catolicanet.net\/wp-cnet\/wp-json\/wp\/v2\/posts\/45210","targetHints":{"allow":["GET"]}}],"collection":[{"href":"https:\/\/catolicanet.net\/wp-cnet\/wp-json\/wp\/v2\/posts"}],"about":[{"href":"https:\/\/catolicanet.net\/wp-cnet\/wp-json\/wp\/v2\/types\/post"}],"author":[{"embeddable":true,"href":"https:\/\/catolicanet.net\/wp-cnet\/wp-json\/wp\/v2\/users\/1"}],"replies":[{"embeddable":true,"href":"https:\/\/catolicanet.net\/wp-cnet\/wp-json\/wp\/v2\/comments?post=45210"}],"version-history":[{"count":1,"href":"https:\/\/catolicanet.net\/wp-cnet\/wp-json\/wp\/v2\/posts\/45210\/revisions"}],"predecessor-version":[{"id":45212,"href":"https:\/\/catolicanet.net\/wp-cnet\/wp-json\/wp\/v2\/posts\/45210\/revisions\/45212"}],"wp:featuredmedia":[{"embeddable":true,"href":"https:\/\/catolicanet.net\/wp-cnet\/wp-json\/wp\/v2\/media\/45211"}],"wp:attachment":[{"href":"https:\/\/catolicanet.net\/wp-cnet\/wp-json\/wp\/v2\/media?parent=45210"}],"wp:term":[{"taxonomy":"category","embeddable":true,"href":"https:\/\/catolicanet.net\/wp-cnet\/wp-json\/wp\/v2\/categories?post=45210"},{"taxonomy":"post_tag","embeddable":true,"href":"https:\/\/catolicanet.net\/wp-cnet\/wp-json\/wp\/v2\/tags?post=45210"}],"curies":[{"name":"wp","href":"https:\/\/api.w.org\/{rel}","templated":true}]}}