{"id":45181,"date":"2018-11-07T15:21:38","date_gmt":"2018-11-07T17:21:38","guid":{"rendered":"http:\/\/catolicanet.net\/wp-cnet\/?p=45181"},"modified":"2018-11-07T15:21:38","modified_gmt":"2018-11-07T17:21:38","slug":"coordenacao-nacional-da-pascom-se-reune-em-sao-paulo","status":"publish","type":"post","link":"https:\/\/catolicanet.net\/wp-cnet\/coordenacao-nacional-da-pascom-se-reune-em-sao-paulo\/","title":{"rendered":"Coordena\u00e7\u00e3o Nacional da Pascom se re\u00fane em S\u00e3o Paulo"},"content":{"rendered":"<p>Coordenadores da Pastoral da Comunica\u00e7\u00e3o (Pascom) de dez regionais da Confer\u00eancia Nacional dos Bispos do Brasil (CNBB) estiveram reunidos, em S\u00e3o Paulo (SP), de 2 a 4 de novembro. Este foi o primeiro encontro ap\u00f3s a elei\u00e7\u00e3o da coordena\u00e7\u00e3o nacional, durante o\u00a0<strong>6\u00ba Encontro Nacional da Pascom,<\/strong>\u00a0no \u00faltimo m\u00eas de julho, em Aparecida (SP). O encontro contou com a assessoria do coordenador nacional da Pastoral do Turismo, padre Manoel Filho, da arquidiocese de Salvador.<\/p>\n<p>No in\u00edcio do encontro, os participantes receberam uma sauda\u00e7\u00e3o em v\u00eddeo do arcebispo de Diamantina (MG) e presidente da Comiss\u00e3o Episcopal Pastoral para Comunica\u00e7\u00e3o da CNBB, dom Darci Jos\u00e9 Nicioli. Em sua mensagem, o arcebispo enfatizou a import\u00e2ncia do momento para a articula\u00e7\u00e3o da Pascom e pediu que fossem pensadas a\u00e7\u00f5es para mostrar o rosto caritativo da Igreja. O assessor do encontro, padre Manoel, apontou luzes para pensar a Pastoral da Comunica\u00e7\u00e3o no contexto contempor\u00e2neo e enfatizou a miss\u00e3o do comunicador cat\u00f3lico de contar hist\u00f3rias e ser um agente preocupado em semear esperan\u00e7a.<\/p>\n<p><a href=\"http:\/\/pascombrasil.com.br\/coordenacao-nacional-da-pascom-se-reune-em-sao-paulo\/\">Leia a not\u00edcia na \u00edntegra.<\/a><\/p>\n","protected":false},"excerpt":{"rendered":"<p>Coordenadores da Pastoral da Comunica\u00e7\u00e3o (Pascom) de dez regionais da Confer\u00eancia Nacional dos Bispos do Brasil (CNBB) estiveram reunidos, em S\u00e3o Paulo (SP), de 2 a 4 de novembro. Este foi o primeiro encontro ap\u00f3s a elei\u00e7\u00e3o da coordena\u00e7\u00e3o nacional, durante o\u00a06\u00ba Encontro Nacional da Pascom,\u00a0no \u00faltimo m\u00eas de julho, em Aparecida (SP). O encontro [&hellip;]<\/p>\n","protected":false},"author":1,"featured_media":45182,"comment_status":"open","ping_status":"closed","sticky":false,"template":"","format":"standard","meta":{"footnotes":""},"categories":[7],"tags":[],"class_list":["post-45181","post","type-post","status-publish","format-standard","has-post-thumbnail","hentry","category-cnbb"],"_links":{"self":[{"href":"https:\/\/catolicanet.net\/wp-cnet\/wp-json\/wp\/v2\/posts\/45181","targetHints":{"allow":["GET"]}}],"collection":[{"href":"https:\/\/catolicanet.net\/wp-cnet\/wp-json\/wp\/v2\/posts"}],"about":[{"href":"https:\/\/catolicanet.net\/wp-cnet\/wp-json\/wp\/v2\/types\/post"}],"author":[{"embeddable":true,"href":"https:\/\/catolicanet.net\/wp-cnet\/wp-json\/wp\/v2\/users\/1"}],"replies":[{"embeddable":true,"href":"https:\/\/catolicanet.net\/wp-cnet\/wp-json\/wp\/v2\/comments?post=45181"}],"version-history":[{"count":1,"href":"https:\/\/catolicanet.net\/wp-cnet\/wp-json\/wp\/v2\/posts\/45181\/revisions"}],"predecessor-version":[{"id":45183,"href":"https:\/\/catolicanet.net\/wp-cnet\/wp-json\/wp\/v2\/posts\/45181\/revisions\/45183"}],"wp:featuredmedia":[{"embeddable":true,"href":"https:\/\/catolicanet.net\/wp-cnet\/wp-json\/wp\/v2\/media\/45182"}],"wp:attachment":[{"href":"https:\/\/catolicanet.net\/wp-cnet\/wp-json\/wp\/v2\/media?parent=45181"}],"wp:term":[{"taxonomy":"category","embeddable":true,"href":"https:\/\/catolicanet.net\/wp-cnet\/wp-json\/wp\/v2\/categories?post=45181"},{"taxonomy":"post_tag","embeddable":true,"href":"https:\/\/catolicanet.net\/wp-cnet\/wp-json\/wp\/v2\/tags?post=45181"}],"curies":[{"name":"wp","href":"https:\/\/api.w.org\/{rel}","templated":true}]}}