{"id":45174,"date":"2018-11-07T15:12:24","date_gmt":"2018-11-07T17:12:24","guid":{"rendered":"http:\/\/catolicanet.net\/wp-cnet\/?p=45174"},"modified":"2018-11-07T15:17:25","modified_gmt":"2018-11-07T17:17:25","slug":"campanha-das-pastorais-sociais-da-arquidiocese-de-niteroi-leva-esperanca-e-cidadania-para-mais-de-2-mil-criancas-e-maes","status":"publish","type":"post","link":"https:\/\/catolicanet.net\/wp-cnet\/campanha-das-pastorais-sociais-da-arquidiocese-de-niteroi-leva-esperanca-e-cidadania-para-mais-de-2-mil-criancas-e-maes\/","title":{"rendered":"Campanha das Pastorais Sociais da Arquidiocese de Niter\u00f3i, leva esperan\u00e7a e cidadania para mais de 2 mil crian\u00e7as e m\u00e3es"},"content":{"rendered":"<p>Neste domingo (03\/11) as pastorais sociais da Arquidiocese <img loading=\"lazy\" decoding=\"async\" class=\"size-medium wp-image-45175 alignright\" src=\"http:\/\/catolicanet.net\/wp-cnet\/wp-content\/uploads\/WhatsApp-Image-2018-11-06-at-6.42.29-PM-300x195.jpeg\" alt=\"\" width=\"300\" height=\"195\" srcset=\"https:\/\/catolicanet.net\/wp-cnet\/wp-content\/uploads\/WhatsApp-Image-2018-11-06-at-6.42.29-PM-300x195.jpeg 300w, https:\/\/catolicanet.net\/wp-cnet\/wp-content\/uploads\/WhatsApp-Image-2018-11-06-at-6.42.29-PM-768x499.jpeg 768w, https:\/\/catolicanet.net\/wp-cnet\/wp-content\/uploads\/WhatsApp-Image-2018-11-06-at-6.42.29-PM-600x390.jpeg 600w, https:\/\/catolicanet.net\/wp-cnet\/wp-content\/uploads\/WhatsApp-Image-2018-11-06-at-6.42.29-PM-696x452.jpeg 696w, https:\/\/catolicanet.net\/wp-cnet\/wp-content\/uploads\/WhatsApp-Image-2018-11-06-at-6.42.29-PM-646x420.jpeg 646w, https:\/\/catolicanet.net\/wp-cnet\/wp-content\/uploads\/WhatsApp-Image-2018-11-06-at-6.42.29-PM.jpeg 960w\" sizes=\"auto, (max-width: 300px) 100vw, 300px\" \/>de Niter\u00f3i, terminaram as a\u00e7\u00f5es da campanha Brinca Solid\u00e1rio, que levou brinquedos para as crian\u00e7as e cidadania para as m\u00e3es.<\/p>\n<p><img loading=\"lazy\" decoding=\"async\" class=\"size-medium wp-image-45177 alignleft\" src=\"http:\/\/catolicanet.net\/wp-cnet\/wp-content\/uploads\/WhatsApp-Image-2018-11-06-at-6.42.30-PM-300x225.jpeg\" alt=\"\" width=\"300\" height=\"225\" srcset=\"https:\/\/catolicanet.net\/wp-cnet\/wp-content\/uploads\/WhatsApp-Image-2018-11-06-at-6.42.30-PM-300x225.jpeg 300w, https:\/\/catolicanet.net\/wp-cnet\/wp-content\/uploads\/WhatsApp-Image-2018-11-06-at-6.42.30-PM-768x576.jpeg 768w, https:\/\/catolicanet.net\/wp-cnet\/wp-content\/uploads\/WhatsApp-Image-2018-11-06-at-6.42.30-PM-600x450.jpeg 600w, https:\/\/catolicanet.net\/wp-cnet\/wp-content\/uploads\/WhatsApp-Image-2018-11-06-at-6.42.30-PM-80x60.jpeg 80w, https:\/\/catolicanet.net\/wp-cnet\/wp-content\/uploads\/WhatsApp-Image-2018-11-06-at-6.42.30-PM-265x198.jpeg 265w, https:\/\/catolicanet.net\/wp-cnet\/wp-content\/uploads\/WhatsApp-Image-2018-11-06-at-6.42.30-PM-696x522.jpeg 696w, https:\/\/catolicanet.net\/wp-cnet\/wp-content\/uploads\/WhatsApp-Image-2018-11-06-at-6.42.30-PM-560x420.jpeg 560w, https:\/\/catolicanet.net\/wp-cnet\/wp-content\/uploads\/WhatsApp-Image-2018-11-06-at-6.42.30-PM.jpeg 960w\" sizes=\"auto, (max-width: 300px) 100vw, 300px\" \/>No total, foram mais de 20 institui\u00e7\u00f5es e comunidades de S\u00e3o Gon\u00e7alo, Niter\u00f3i e Maric\u00e1 beneficadas com mais de 2 mil doa\u00e7\u00f5es. A campanha \u00e9 organizada pelas Pastorais Sociais e contou com o apoio de parceiros como a OAB, o Rotary, a Pol\u00edcia Militar, o Corpo de Bombeiros, a ONG Grupo Animal e o SAMU.<\/p>\n<p>Al\u00e9m da entrega dos brinquedos, tamb\u00e9m foram realizadasrodas de conversa e oficinas com as m\u00e3es sobre <img loading=\"lazy\" decoding=\"async\" class=\"size-medium wp-image-45178 alignright\" src=\"http:\/\/catolicanet.net\/wp-cnet\/wp-content\/uploads\/WhatsApp-Image-2018-11-06-at-6.42.32-PM-300x225.jpeg\" alt=\"\" width=\"300\" height=\"225\" srcset=\"https:\/\/catolicanet.net\/wp-cnet\/wp-content\/uploads\/WhatsApp-Image-2018-11-06-at-6.42.32-PM-300x225.jpeg 300w, https:\/\/catolicanet.net\/wp-cnet\/wp-content\/uploads\/WhatsApp-Image-2018-11-06-at-6.42.32-PM-768x576.jpeg 768w, https:\/\/catolicanet.net\/wp-cnet\/wp-content\/uploads\/WhatsApp-Image-2018-11-06-at-6.42.32-PM-600x450.jpeg 600w, https:\/\/catolicanet.net\/wp-cnet\/wp-content\/uploads\/WhatsApp-Image-2018-11-06-at-6.42.32-PM-80x60.jpeg 80w, https:\/\/catolicanet.net\/wp-cnet\/wp-content\/uploads\/WhatsApp-Image-2018-11-06-at-6.42.32-PM-265x198.jpeg 265w, https:\/\/catolicanet.net\/wp-cnet\/wp-content\/uploads\/WhatsApp-Image-2018-11-06-at-6.42.32-PM-696x522.jpeg 696w, https:\/\/catolicanet.net\/wp-cnet\/wp-content\/uploads\/WhatsApp-Image-2018-11-06-at-6.42.32-PM-560x420.jpeg 560w, https:\/\/catolicanet.net\/wp-cnet\/wp-content\/uploads\/WhatsApp-Image-2018-11-06-at-6.42.32-PM.jpeg 960w\" sizes=\"auto, (max-width: 300px) 100vw, 300px\" \/>os direitos das crian\u00e7as. O projeto faz parte da campanha \u201cZero Viol\u00eancia, 100% Ternura\u201d, organizada pela confer\u00eancia episcopal da America Latina e que busca combater a viol\u00eancia infantil.<\/p>\n<p>&nbsp;<\/p>\n<p>Fonte: Anderson Serra<\/p>\n","protected":false},"excerpt":{"rendered":"<p>Neste domingo (03\/11) as pastorais sociais da Arquidiocese de Niter\u00f3i, terminaram as a\u00e7\u00f5es da campanha Brinca Solid\u00e1rio, que levou brinquedos para as crian\u00e7as e cidadania para as m\u00e3es. No total, foram mais de 20 institui\u00e7\u00f5es e comunidades de S\u00e3o Gon\u00e7alo, Niter\u00f3i e Maric\u00e1 beneficadas com mais de 2 mil doa\u00e7\u00f5es. A campanha \u00e9 organizada pelas [&hellip;]<\/p>\n","protected":false},"author":1,"featured_media":45176,"comment_status":"open","ping_status":"closed","sticky":false,"template":"","format":"standard","meta":{"footnotes":""},"categories":[4],"tags":[],"class_list":["post-45174","post","type-post","status-publish","format-standard","has-post-thumbnail","hentry","category-cotidiano"],"_links":{"self":[{"href":"https:\/\/catolicanet.net\/wp-cnet\/wp-json\/wp\/v2\/posts\/45174","targetHints":{"allow":["GET"]}}],"collection":[{"href":"https:\/\/catolicanet.net\/wp-cnet\/wp-json\/wp\/v2\/posts"}],"about":[{"href":"https:\/\/catolicanet.net\/wp-cnet\/wp-json\/wp\/v2\/types\/post"}],"author":[{"embeddable":true,"href":"https:\/\/catolicanet.net\/wp-cnet\/wp-json\/wp\/v2\/users\/1"}],"replies":[{"embeddable":true,"href":"https:\/\/catolicanet.net\/wp-cnet\/wp-json\/wp\/v2\/comments?post=45174"}],"version-history":[{"count":2,"href":"https:\/\/catolicanet.net\/wp-cnet\/wp-json\/wp\/v2\/posts\/45174\/revisions"}],"predecessor-version":[{"id":45180,"href":"https:\/\/catolicanet.net\/wp-cnet\/wp-json\/wp\/v2\/posts\/45174\/revisions\/45180"}],"wp:featuredmedia":[{"embeddable":true,"href":"https:\/\/catolicanet.net\/wp-cnet\/wp-json\/wp\/v2\/media\/45176"}],"wp:attachment":[{"href":"https:\/\/catolicanet.net\/wp-cnet\/wp-json\/wp\/v2\/media?parent=45174"}],"wp:term":[{"taxonomy":"category","embeddable":true,"href":"https:\/\/catolicanet.net\/wp-cnet\/wp-json\/wp\/v2\/categories?post=45174"},{"taxonomy":"post_tag","embeddable":true,"href":"https:\/\/catolicanet.net\/wp-cnet\/wp-json\/wp\/v2\/tags?post=45174"}],"curies":[{"name":"wp","href":"https:\/\/api.w.org\/{rel}","templated":true}]}}