{"id":4515,"date":"2014-04-23T13:47:13","date_gmt":"2014-04-23T16:47:13","guid":{"rendered":"http:\/\/catolicanet.net\/wp-cnet\/a-missa-e-chata-e-repetitiva-engano-seu\/"},"modified":"2017-04-05T11:16:38","modified_gmt":"2017-04-05T14:16:38","slug":"a-missa-e-chata-e-repetitiva-engano-seu","status":"publish","type":"post","link":"https:\/\/catolicanet.net\/wp-cnet\/a-missa-e-chata-e-repetitiva-engano-seu\/","title":{"rendered":"A Missa \u00e9 chata e repetitiva? Engano seu&#8230;"},"content":{"rendered":"<p style=\"text-align: justify;\">\n<p><strong>A Missa \u00e9 o c\u00e9u na terra, ao participarmos dela temos verdadeiro acesso aos mist\u00e9rios celestiais<\/strong><\/p>\n<p><img decoding=\"async\" src=\"http:\/\/catolicanet.com.br\/images\/stories\/hostia.jpg\" border=\"0\" align=\"left\" \/>Das mensagens que recebo, muitas falam da Santa Missa, em geral como um evento repetitivo e mon\u00f3tono. Primeiramente, \u00e9 necess\u00e1rio deixar bem claro que a Missa n\u00e3o \u00e9 um momento de entretenimento. N\u00e3o \u00e9 uma atra\u00e7\u00e3o cultural ou a celebra\u00e7\u00e3o de uma festa. Muito pelo contr\u00e1rio, durante a Santa Missa s\u00e3o travadas grandes batalhas espir\u00edtuais que v\u00e3o muito al\u00e9m de repetidos e rotineiros rituais.<\/p>\n<p>Outro ponto que quero esclarecer, antes de entrar no tema, \u00e9 que a maioria das pessoas que falam sobre a monotonia da Missa s\u00e3o cat\u00f3licos por profiss\u00e3o de f\u00e9, ou seja, muitos cat\u00f3licos ainda n\u00e3o tem a real dimens\u00e3o do que \u00e9 a Santa Missa, passam a vida toda s\u00f3 vendo a superf\u00edcie, em vez de se aprofundarem em seus mist\u00e9rios.<\/p>\n<p>Nesse ponto \u00e9 bom observar a neglig\u00eancia de alguns sacerdotes em n\u00e3o passar ao p\u00fablico o real valor da Eucaristia e da Liturgia. Confesso que j\u00e1 participei de uma Missa que durou em torno de meia hora, eu fiquei abismado, pois o padre parecia mais um locutor do J\u00f3quei Clube do que um sacerdote no Altar.<\/p>\n<p>A Missa \u00e9 a representa\u00e7\u00e3o terrena do banquete de n\u00fapcias do Cordeiro de Deus. De todas as coisas cat\u00f3licas, n\u00e3o h\u00e1 nada t\u00e3o familiar quanto a missa. Com suas ora\u00e7\u00f5es, hinos e gestos sempiternos, a missa \u00e9 como um lar para o Crist\u00e3o. Poucas pessoas percebem o drama sobrenatural inserido na viv\u00eancia de uma liturgia dominical.<\/p>\n<p>O Papa Jo\u00e3o Paulo II chamou a missa de &#8220;&#8230; o c\u00e9u na terra&#8230;&#8221;, ele explicou que &#8220;&#8230; a liturgia que celebramos na terra \u00e9 misteriosa participa\u00e7\u00e3o no c\u00e9u&#8230;&#8221;. N\u00f3s vamos ao c\u00e9u quando vamos \u00e0 missa, a isso diz respeito a toda missa, independente da qualidade da m\u00fasica ou do fervor da homilia. A missa \u00e9 o c\u00e9u na terrra.<\/p>\n<p>Desde os escritos dos primeiros crist\u00e3os, existem refer\u00eancias \u00e0 Liturgia, \u00e0 Eucaristia e ao Sacrif\u00edcio. O Conc\u00edlio Vaticano II, na Constitui\u00e3o sobre a Sagrada Liturgia, declara:<\/p>\n<p>&#8220;Na liturgia terrena participamos da liturgia celeste, que se celebra na cidade santa de Jerusal\u00e9m, para a qual, peregrinos, nos encaminhamos. L\u00e1, Cristo est\u00e1 sentado \u00e0 direita de Deus, ministro do santu\u00e1rio e do tabern\u00e1culo verdadeiro; com toda a mil\u00edcia do ex\u00e9rcito celestial entoamos um hino de gl\u00f3ria ao Senhor e, venerando a mem\u00f3ria dos santos, esperamos fazer parte da sociedade deles; suspiramos pelo Salvador, Nosso Senhor Jesus Cristo, at\u00e9 que ele, nossa vida, se manifeste, e n\u00f3s apare\u00e7amos com ele na gl\u00f3ria.&#8221;<\/p>\n<p>Este \u00e9 o verdadeiro c\u00e9u, este \u00e9 o verdadeiro acesso, a Santa Missa.<\/p>\n<p><strong>Fonte:<\/strong> Aleteia<br \/><strong>Local:<\/strong> S\u00e3o Paulo<\/p>\n","protected":false},"excerpt":{"rendered":"<p>A Missa \u00e9 o c\u00e9u na terra, ao participarmos dela temos verdadeiro acesso aos mist\u00e9rios celestiais Das mensagens que recebo, muitas falam da Santa Missa, em geral como um evento repetitivo e mon\u00f3tono. Primeiramente, \u00e9 necess\u00e1rio deixar bem claro que a Missa n\u00e3o \u00e9 um momento de entretenimento. N\u00e3o \u00e9 uma atra\u00e7\u00e3o cultural ou a [&hellip;]<\/p>\n","protected":false},"author":1,"featured_media":0,"comment_status":"closed","ping_status":"closed","sticky":false,"template":"","format":"standard","meta":{"footnotes":""},"categories":[4],"tags":[],"class_list":["post-4515","post","type-post","status-publish","format-standard","hentry","category-cotidiano"],"_links":{"self":[{"href":"https:\/\/catolicanet.net\/wp-cnet\/wp-json\/wp\/v2\/posts\/4515","targetHints":{"allow":["GET"]}}],"collection":[{"href":"https:\/\/catolicanet.net\/wp-cnet\/wp-json\/wp\/v2\/posts"}],"about":[{"href":"https:\/\/catolicanet.net\/wp-cnet\/wp-json\/wp\/v2\/types\/post"}],"author":[{"embeddable":true,"href":"https:\/\/catolicanet.net\/wp-cnet\/wp-json\/wp\/v2\/users\/1"}],"replies":[{"embeddable":true,"href":"https:\/\/catolicanet.net\/wp-cnet\/wp-json\/wp\/v2\/comments?post=4515"}],"version-history":[{"count":1,"href":"https:\/\/catolicanet.net\/wp-cnet\/wp-json\/wp\/v2\/posts\/4515\/revisions"}],"predecessor-version":[{"id":9412,"href":"https:\/\/catolicanet.net\/wp-cnet\/wp-json\/wp\/v2\/posts\/4515\/revisions\/9412"}],"wp:attachment":[{"href":"https:\/\/catolicanet.net\/wp-cnet\/wp-json\/wp\/v2\/media?parent=4515"}],"wp:term":[{"taxonomy":"category","embeddable":true,"href":"https:\/\/catolicanet.net\/wp-cnet\/wp-json\/wp\/v2\/categories?post=4515"},{"taxonomy":"post_tag","embeddable":true,"href":"https:\/\/catolicanet.net\/wp-cnet\/wp-json\/wp\/v2\/tags?post=4515"}],"curies":[{"name":"wp","href":"https:\/\/api.w.org\/{rel}","templated":true}]}}