{"id":45051,"date":"2018-11-01T14:05:14","date_gmt":"2018-11-01T17:05:14","guid":{"rendered":"http:\/\/catolicanet.net\/wp-cnet\/?p=45051"},"modified":"2018-11-01T14:05:14","modified_gmt":"2018-11-01T17:05:14","slug":"santa-luzia-o-brilho-de-uma-luz","status":"publish","type":"post","link":"https:\/\/catolicanet.net\/wp-cnet\/santa-luzia-o-brilho-de-uma-luz\/","title":{"rendered":"Santa Luzia &#8211; O Brilho de Uma Luz"},"content":{"rendered":"<div id=\"sinopse\" class=\"content-menu-info active\">\n<p>Mais que mero relato da vida de Santa Luzia, o autor desejou sublinhar algumas passagens da hist\u00f3ria de sua vida. Santa Luzia \u00e9 um modelo de vida para a juventude e para todos aqueles que desejam seguir um caminho iluminado pelo esplendor de Jesus Cristo. O testemunho de Santa Luzia \u00e9 refer\u00eancia para uma espiritualidade voltada \u00e0 miss\u00e3o de disc\u00edpulos mission\u00e1rios de Cristo, \u00e0 qual todos n\u00f3s somos chamados pelo batismo; \u00e9 modelo de desapego, de coragem e de teimosia pelo Reino. Foi uma mulher de fi bra, que n\u00e3o se curvou e n\u00e3o sucumbiu \u00e0 tenta\u00e7\u00e3o de renegar Cristo.<\/p>\n<p>Invoquemos Santa Luzia, de forma a aprender dela a li\u00e7\u00e3o do testemunho crist\u00e3o, apesar das difi culdades. Seja nossa patrona nas quest\u00f5es que requerem a luz do olhar da f\u00e9.<\/p>\n<\/div>\n","protected":false},"excerpt":{"rendered":"<p>Mais que mero relato da vida de Santa Luzia, o autor desejou sublinhar algumas passagens da hist\u00f3ria de sua vida. Santa Luzia \u00e9 um modelo de vida para a juventude e para todos aqueles que desejam seguir um caminho iluminado pelo esplendor de Jesus Cristo. O testemunho de Santa Luzia \u00e9 refer\u00eancia para uma espiritualidade [&hellip;]<\/p>\n","protected":false},"author":1,"featured_media":45052,"comment_status":"open","ping_status":"closed","sticky":false,"template":"","format":"standard","meta":{"footnotes":""},"categories":[4],"tags":[],"class_list":["post-45051","post","type-post","status-publish","format-standard","has-post-thumbnail","hentry","category-cotidiano"],"_links":{"self":[{"href":"https:\/\/catolicanet.net\/wp-cnet\/wp-json\/wp\/v2\/posts\/45051","targetHints":{"allow":["GET"]}}],"collection":[{"href":"https:\/\/catolicanet.net\/wp-cnet\/wp-json\/wp\/v2\/posts"}],"about":[{"href":"https:\/\/catolicanet.net\/wp-cnet\/wp-json\/wp\/v2\/types\/post"}],"author":[{"embeddable":true,"href":"https:\/\/catolicanet.net\/wp-cnet\/wp-json\/wp\/v2\/users\/1"}],"replies":[{"embeddable":true,"href":"https:\/\/catolicanet.net\/wp-cnet\/wp-json\/wp\/v2\/comments?post=45051"}],"version-history":[{"count":1,"href":"https:\/\/catolicanet.net\/wp-cnet\/wp-json\/wp\/v2\/posts\/45051\/revisions"}],"predecessor-version":[{"id":45053,"href":"https:\/\/catolicanet.net\/wp-cnet\/wp-json\/wp\/v2\/posts\/45051\/revisions\/45053"}],"wp:featuredmedia":[{"embeddable":true,"href":"https:\/\/catolicanet.net\/wp-cnet\/wp-json\/wp\/v2\/media\/45052"}],"wp:attachment":[{"href":"https:\/\/catolicanet.net\/wp-cnet\/wp-json\/wp\/v2\/media?parent=45051"}],"wp:term":[{"taxonomy":"category","embeddable":true,"href":"https:\/\/catolicanet.net\/wp-cnet\/wp-json\/wp\/v2\/categories?post=45051"},{"taxonomy":"post_tag","embeddable":true,"href":"https:\/\/catolicanet.net\/wp-cnet\/wp-json\/wp\/v2\/tags?post=45051"}],"curies":[{"name":"wp","href":"https:\/\/api.w.org\/{rel}","templated":true}]}}