{"id":45044,"date":"2018-11-01T13:52:40","date_gmt":"2018-11-01T16:52:40","guid":{"rendered":"http:\/\/catolicanet.net\/wp-cnet\/?p=45044"},"modified":"2018-11-01T13:52:40","modified_gmt":"2018-11-01T16:52:40","slug":"a-cada-2-de-novembro-e-possivel-ganhar-indulgencia-plenaria-a-um-ente-querido-falecido","status":"publish","type":"post","link":"https:\/\/catolicanet.net\/wp-cnet\/a-cada-2-de-novembro-e-possivel-ganhar-indulgencia-plenaria-a-um-ente-querido-falecido\/","title":{"rendered":"A cada 2 de novembro, \u00e9 poss\u00edvel ganhar indulg\u00eancia plen\u00e1ria a um ente querido falecido"},"content":{"rendered":"<p>REDA\u00c7\u00c3O CENTRAL, 01 Nov. 18 \/ 06:00 am (<a href=\"https:\/\/www.acidigital.com\" target=\"_self\">ACI<\/a>).- No dia 2 de novembro, na comemora\u00e7\u00e3o de todos os fi\u00e9is defuntos, \u00e9 poss\u00edvel ganhar indulg\u00eancia plen\u00e1ria para a alma de um ente querido, familiar ou amigo, que j\u00e1 faleceu.<\/p>\n<p>O Papa Francisco explicou, em 30 de outubro de 2013, que, assim como os santos intercedem diante de Deus por n\u00f3s, podemos rogar ao Senhor pelas almas do purgat\u00f3rio.<\/p>\n<div class=\"ad_inline\">\n<div id=\"div-gpt-ad-1472661422739-0\" data-google-query-id=\"CMXI3NbSs94CFcXYwAod1K4KkA\">\n<div id=\"google_ads_iframe_\/4493921\/ACI_D_Article_1_0__container__\"><\/div>\n<\/div>\n<\/div>\n<p>\u201cTodos os batizados da terra, as almas do Purgat\u00f3rio e todos os beatos que j\u00e1 se encontram no Para\u00edso formam uma \u00fanica grande Fam\u00edlia. Esta comunh\u00e3o entre a terra e o C\u00e9u realiza-se especialmente na prece de intercess\u00e3o\u201d, disse naquela ocasi\u00e3o.<\/p>\n<p>Segundo a\u00a0<a href=\"http:\/\/w2.vatican.va\/content\/paul-vi\/pt\/apost_constitutions\/documents\/hf_p-vi_apc_01011967_indulgentiarum-doctrina.html\"><em>Indulgentiarum Doctrina<\/em><\/a>\u00a0(Norma 15), um cat\u00f3lico pode ganhar indulg\u00eancia plen\u00e1ria por um defunto \u201cem todas as igrejas, orat\u00f3rios p\u00fablicos ou semi-p\u00fablicos \u2013 para os que legitimamente usam desses \u00faltimos\u201d.<\/p>\n<p>\u00c9 necess\u00e1rio seguir as condi\u00e7\u00f5es habituais de confiss\u00e3o sacramental, comunh\u00e3o eucar\u00edstica e ora\u00e7\u00e3o nas inten\u00e7\u00f5es do Sumo Pont\u00edfice.<\/p>\n","protected":false},"excerpt":{"rendered":"<p>REDA\u00c7\u00c3O CENTRAL, 01 Nov. 18 \/ 06:00 am (ACI).- No dia 2 de novembro, na comemora\u00e7\u00e3o de todos os fi\u00e9is defuntos, \u00e9 poss\u00edvel ganhar indulg\u00eancia plen\u00e1ria para a alma de um ente querido, familiar ou amigo, que j\u00e1 faleceu. O Papa Francisco explicou, em 30 de outubro de 2013, que, assim como os santos intercedem [&hellip;]<\/p>\n","protected":false},"author":1,"featured_media":45045,"comment_status":"open","ping_status":"closed","sticky":false,"template":"","format":"standard","meta":{"footnotes":""},"categories":[4],"tags":[],"class_list":["post-45044","post","type-post","status-publish","format-standard","has-post-thumbnail","hentry","category-cotidiano"],"_links":{"self":[{"href":"https:\/\/catolicanet.net\/wp-cnet\/wp-json\/wp\/v2\/posts\/45044","targetHints":{"allow":["GET"]}}],"collection":[{"href":"https:\/\/catolicanet.net\/wp-cnet\/wp-json\/wp\/v2\/posts"}],"about":[{"href":"https:\/\/catolicanet.net\/wp-cnet\/wp-json\/wp\/v2\/types\/post"}],"author":[{"embeddable":true,"href":"https:\/\/catolicanet.net\/wp-cnet\/wp-json\/wp\/v2\/users\/1"}],"replies":[{"embeddable":true,"href":"https:\/\/catolicanet.net\/wp-cnet\/wp-json\/wp\/v2\/comments?post=45044"}],"version-history":[{"count":1,"href":"https:\/\/catolicanet.net\/wp-cnet\/wp-json\/wp\/v2\/posts\/45044\/revisions"}],"predecessor-version":[{"id":45046,"href":"https:\/\/catolicanet.net\/wp-cnet\/wp-json\/wp\/v2\/posts\/45044\/revisions\/45046"}],"wp:featuredmedia":[{"embeddable":true,"href":"https:\/\/catolicanet.net\/wp-cnet\/wp-json\/wp\/v2\/media\/45045"}],"wp:attachment":[{"href":"https:\/\/catolicanet.net\/wp-cnet\/wp-json\/wp\/v2\/media?parent=45044"}],"wp:term":[{"taxonomy":"category","embeddable":true,"href":"https:\/\/catolicanet.net\/wp-cnet\/wp-json\/wp\/v2\/categories?post=45044"},{"taxonomy":"post_tag","embeddable":true,"href":"https:\/\/catolicanet.net\/wp-cnet\/wp-json\/wp\/v2\/tags?post=45044"}],"curies":[{"name":"wp","href":"https:\/\/api.w.org\/{rel}","templated":true}]}}