{"id":45007,"date":"2018-10-31T09:00:52","date_gmt":"2018-10-31T12:00:52","guid":{"rendered":"http:\/\/catolicanet.net\/wp-cnet\/?p=45007"},"modified":"2018-10-31T09:00:52","modified_gmt":"2018-10-31T12:00:52","slug":"campanha-para-a-evangelizacao-auxilia-a-igreja-no-cumprimento-da-sua-missao-e-torna-mais-vigoroso-o-seu-testemunho","status":"publish","type":"post","link":"https:\/\/catolicanet.net\/wp-cnet\/campanha-para-a-evangelizacao-auxilia-a-igreja-no-cumprimento-da-sua-missao-e-torna-mais-vigoroso-o-seu-testemunho\/","title":{"rendered":"Campanha para a Evangeliza\u00e7\u00e3o auxilia a Igreja no cumprimento da sua miss\u00e3o e torna mais vigoroso o seu testemunho"},"content":{"rendered":"<p>Inspirada no exemplo da Igreja da Alemanha, que realiza duas campanhas anuais, a Igreja no Brasil criou a Campanha para a Evangeliza\u00e7\u00e3o no tempo do advento, ap\u00f3s ser aprovada pela 35\u00aa Assembleia Geral da Confer\u00eancia Nacional dos Bispos do Brasil (CNBB), em 1997. Na assembleia seguinte, a 36\u00aa, a ideia saiu do papel e foi realizada pela primeira vez no advento de 1998.<\/p>\n<div id=\"attachment_202999\" class=\"wp-caption alignright\">\n<p class=\"wp-caption-text\">\n<\/div>\n<p>Despertar os disc\u00edpulos e as disc\u00edpulas mission\u00e1rios para o compromisso evangelizador e para a responsabilidade pela sustenta\u00e7\u00e3o das atividades pastorais no Brasil est\u00e1 entre os principais enfoques da Campanha deste ano, que acontece em sintonia com a Exorta\u00e7\u00e3o Apost\u00f3lica do papa Francisco: Gaudete et Exsultate, sobre o chamado \u00e0 santidade no mundo atual, com o lema \u201cEvangelizar partindo de Cristo\u201d.<\/p>\n<p>Sua abertura ser\u00e1 realizada na Festa do Cristo Rei e Dia dos Crist\u00e3os Leigos e Leigas, encerramento do Ano Lit\u00fargico, no dia 25 de novembro. A conclus\u00e3o acontece no terceiro domingo do Advento, dia 16 de dezembro, quando deve ser realizada, em todas as comunidades cat\u00f3licas, a Coleta para a A\u00e7\u00e3o Evangelizadora no Brasil, que pretende apoiar as in\u00fameras iniciativas da Igreja no Brasil no servi\u00e7o da evangeliza\u00e7\u00e3o, da dinamiza\u00e7\u00e3o das pastorais, na luta pela justi\u00e7a social, nas experi\u00eancias mission\u00e1rias das Igrejas irm\u00e3s e na miss\u00e3o ad gentes.<\/p>\n<p>\u201cDesejamos uma boa Campanha para Evangeliza\u00e7\u00e3o com as b\u00ean\u00e7\u00e3os de Deus e a prote\u00e7\u00e3o de Maria, m\u00e3e e seguidora de Jesus de Nazar\u00e9\u201d, afirma a Comiss\u00e3o Episcopal da Campanha para Evangeliza\u00e7\u00e3o.<\/p>\n<p><strong>Partilha<\/strong><\/p>\n<p>O gesto concreto de colabora\u00e7\u00e3o na Coleta da Campanha para a Evangeliza\u00e7\u00e3o ser\u00e1 partilhado, solidariamente, entre as arquidioceses, dioceses e prelazias, que receber\u00e3o 45% dos recursos; os 18 regionais da CNBB que ter\u00e3o 20% e o Secretariado-geral da CNBB que contar\u00e1 com 35% das contribui\u00e7\u00f5es.<\/p>\n<p>\u201cA Igreja no Brasil, mais uma vez, faz um forte apelo para que nossas comunidades locais se motivem na comunh\u00e3o e na participa\u00e7\u00e3o para que, por meio dessa partilha, muitas iniciativas de evangeliza\u00e7\u00e3o sejam fortalecidas\u201d, afirma a Comiss\u00e3o Episcopal da Campanha para Evangeliza\u00e7\u00e3o.<\/p>\n<p><strong>Materiais<\/strong><\/p>\n<p>Os materiais da Campanha para a Evangeliza\u00e7\u00e3o est\u00e3o dispon\u00edveis para download no site da Editora da CNBB (<a href=\"https:\/\/www.edicoescnbb.com.br\/\">clique aqui<\/a>). Foi preparado o texto motivacional, o cartaz e a ora\u00e7\u00e3o da CE.<\/p>\n<p><strong>Ora\u00e7\u00e3o da CE<\/strong><\/p>\n<p>Deus, nosso Pai, quereis a salva\u00e7\u00e3o de todos os povos da Terra.<\/p>\n<p>N\u00f3s vos pedimos que susciteis em n\u00f3s o compromisso com a Evangeliza\u00e7\u00e3o, para que todos conhe\u00e7am a vida que de v\u00f3s prov\u00e9m.<\/p>\n<p>N\u00f3s vos pedimos que nossos projetos evangelizadores sirvam para nossa santifica\u00e7\u00e3o e da sociedade inteira que, assim, ser\u00e1 justa, fraterna e solid\u00e1ria.<\/p>\n<p>N\u00f3s vos pedimos que, em nossas comunidades e em toda a Igreja no Brasil, cres\u00e7a o sentimento de partilha e que, por meio da Coleta para a Evangeliza\u00e7\u00e3o e do testemunho de comunh\u00e3o, todas as comunidades recebam a for\u00e7a do Evangelho.<\/p>\n<p>Por nosso Senhor Jesus Cristo vosso Filho, na unidade do Esp\u00edrito Santo.<\/p>\n<p>Am\u00e9m.<\/p>\n","protected":false},"excerpt":{"rendered":"<p>Inspirada no exemplo da Igreja da Alemanha, que realiza duas campanhas anuais, a Igreja no Brasil criou a Campanha para a Evangeliza\u00e7\u00e3o no tempo do advento, ap\u00f3s ser aprovada pela 35\u00aa Assembleia Geral da Confer\u00eancia Nacional dos Bispos do Brasil (CNBB), em 1997. Na assembleia seguinte, a 36\u00aa, a ideia saiu do papel e foi [&hellip;]<\/p>\n","protected":false},"author":1,"featured_media":45008,"comment_status":"open","ping_status":"closed","sticky":false,"template":"","format":"standard","meta":{"footnotes":""},"categories":[7],"tags":[],"class_list":["post-45007","post","type-post","status-publish","format-standard","has-post-thumbnail","hentry","category-cnbb"],"_links":{"self":[{"href":"https:\/\/catolicanet.net\/wp-cnet\/wp-json\/wp\/v2\/posts\/45007","targetHints":{"allow":["GET"]}}],"collection":[{"href":"https:\/\/catolicanet.net\/wp-cnet\/wp-json\/wp\/v2\/posts"}],"about":[{"href":"https:\/\/catolicanet.net\/wp-cnet\/wp-json\/wp\/v2\/types\/post"}],"author":[{"embeddable":true,"href":"https:\/\/catolicanet.net\/wp-cnet\/wp-json\/wp\/v2\/users\/1"}],"replies":[{"embeddable":true,"href":"https:\/\/catolicanet.net\/wp-cnet\/wp-json\/wp\/v2\/comments?post=45007"}],"version-history":[{"count":1,"href":"https:\/\/catolicanet.net\/wp-cnet\/wp-json\/wp\/v2\/posts\/45007\/revisions"}],"predecessor-version":[{"id":45009,"href":"https:\/\/catolicanet.net\/wp-cnet\/wp-json\/wp\/v2\/posts\/45007\/revisions\/45009"}],"wp:featuredmedia":[{"embeddable":true,"href":"https:\/\/catolicanet.net\/wp-cnet\/wp-json\/wp\/v2\/media\/45008"}],"wp:attachment":[{"href":"https:\/\/catolicanet.net\/wp-cnet\/wp-json\/wp\/v2\/media?parent=45007"}],"wp:term":[{"taxonomy":"category","embeddable":true,"href":"https:\/\/catolicanet.net\/wp-cnet\/wp-json\/wp\/v2\/categories?post=45007"},{"taxonomy":"post_tag","embeddable":true,"href":"https:\/\/catolicanet.net\/wp-cnet\/wp-json\/wp\/v2\/tags?post=45007"}],"curies":[{"name":"wp","href":"https:\/\/api.w.org\/{rel}","templated":true}]}}