{"id":44995,"date":"2018-10-30T08:29:30","date_gmt":"2018-10-30T11:29:30","guid":{"rendered":"http:\/\/catolicanet.net\/wp-cnet\/?p=44995"},"modified":"2018-10-31T08:32:52","modified_gmt":"2018-10-31T11:32:52","slug":"comissao-realiza-reuniao-ampliada-em-belo-horizonte-mg","status":"publish","type":"post","link":"https:\/\/catolicanet.net\/wp-cnet\/comissao-realiza-reuniao-ampliada-em-belo-horizonte-mg\/","title":{"rendered":"Comiss\u00e3o realiza Reuni\u00e3o Ampliada em Belo Horizonte (MG)"},"content":{"rendered":"<p>A Comiss\u00e3o para os Minist\u00e9rios Ordenados e a Vida Consagrada realizou sua Reuni\u00e3o Ampliada em Belo Horizonte (MG), de 15 a 19 de outubro de 2018. A iniciativa contou com a participa\u00e7\u00e3o dos bispos da Comiss\u00e3o: dom Juarez Souza da Silva, dom Jo\u00e3o Francisco Salm e dom Jos\u00e9 Roberto Fortes Palau; e do assessor, padre Jo\u00e3o C\u00e2ndido da Silva Neto.\u00a0O tema central foi o estudo do texto base do IV Congresso Vocacional do Brasil, que se realizar\u00e1 em Aparecida (SP), de 05 a 08 de setembro de 2019. O assessor do encontro foi o padre \u00c2ngelo Ademir Mezzari, religioso rogacionista, um dos redatores do texto-base e assessor do Congresso Vocacional.\u00a0<img loading=\"lazy\" decoding=\"async\" class=\"size-medium wp-image-202975 alignright\" src=\"http:\/\/www.cnbb.org.br\/wp-content\/uploads\/sites\/32\/2018\/10\/IMG-20181029-WA0007-300x156.jpg\" srcset=\"http:\/\/www.cnbb.org.br\/wp-content\/uploads\/sites\/32\/2018\/10\/IMG-20181029-WA0007-300x156.jpg 300w, http:\/\/www.cnbb.org.br\/wp-content\/uploads\/sites\/32\/2018\/10\/IMG-20181029-WA0007-768x398.jpg 768w, http:\/\/www.cnbb.org.br\/wp-content\/uploads\/sites\/32\/2018\/10\/IMG-20181029-WA0007-1024x531.jpg 1024w, http:\/\/www.cnbb.org.br\/wp-content\/uploads\/sites\/32\/2018\/10\/IMG-20181029-WA0007.jpg 1280w\" alt=\"\" width=\"300\" height=\"156\" \/><\/p>\n<div>Na ocasi\u00e3o, o grupo teve a oportunidade de aprofundar o tema \u201cVoca\u00e7\u00e3o e Discernimento\u201d, apresentar sugest\u00f5es para a prepara\u00e7\u00e3o do Congresso e fazer a Leitura Orante do texto b\u00edblico iluminador do tema. Os organismos tamb\u00e9m fizeram avalia\u00e7\u00e3o das atividades deste ano de 2018 e planejamento para o pr\u00f3ximo ano.<\/div>\n<div><\/div>\n<div><\/div>\n<div>\n<p>&nbsp;<\/p>\n<p><strong>Reuni\u00e3o Ampliada<\/strong><\/p>\n<p>A Reuni\u00e3o ampliada \u00e9 o encontro anual que re\u00fane todos os Organismos que a comp\u00f5e a Comiss\u00e3o: a Pastoral Vocacional (PV), a Organiza\u00e7\u00e3o dos Semin\u00e1rios e Institutos do Brasil (OSIB), a Comiss\u00e3o Nacional dos Di\u00e1conos (CND), a Comiss\u00e3o Nacional dos Presb\u00edteros (CNP), a Confer\u00eancia Nacional dos Institutos Seculares (CNIS) e a Confer\u00eancia dos Religiosos do Brasil (CRB). Nela estiveram presentes 85 pessoas de todas as regi\u00f5es do Brasil, representando todos estes Organismos.<\/p>\n<\/div>\n","protected":false},"excerpt":{"rendered":"<p>A Comiss\u00e3o para os Minist\u00e9rios Ordenados e a Vida Consagrada realizou sua Reuni\u00e3o Ampliada em Belo Horizonte (MG), de 15 a 19 de outubro de 2018. A iniciativa contou com a participa\u00e7\u00e3o dos bispos da Comiss\u00e3o: dom Juarez Souza da Silva, dom Jo\u00e3o Francisco Salm e dom Jos\u00e9 Roberto Fortes Palau; e do assessor, padre [&hellip;]<\/p>\n","protected":false},"author":1,"featured_media":44996,"comment_status":"open","ping_status":"closed","sticky":false,"template":"","format":"standard","meta":{"footnotes":""},"categories":[7],"tags":[],"class_list":["post-44995","post","type-post","status-publish","format-standard","has-post-thumbnail","hentry","category-cnbb"],"_links":{"self":[{"href":"https:\/\/catolicanet.net\/wp-cnet\/wp-json\/wp\/v2\/posts\/44995","targetHints":{"allow":["GET"]}}],"collection":[{"href":"https:\/\/catolicanet.net\/wp-cnet\/wp-json\/wp\/v2\/posts"}],"about":[{"href":"https:\/\/catolicanet.net\/wp-cnet\/wp-json\/wp\/v2\/types\/post"}],"author":[{"embeddable":true,"href":"https:\/\/catolicanet.net\/wp-cnet\/wp-json\/wp\/v2\/users\/1"}],"replies":[{"embeddable":true,"href":"https:\/\/catolicanet.net\/wp-cnet\/wp-json\/wp\/v2\/comments?post=44995"}],"version-history":[{"count":1,"href":"https:\/\/catolicanet.net\/wp-cnet\/wp-json\/wp\/v2\/posts\/44995\/revisions"}],"predecessor-version":[{"id":44997,"href":"https:\/\/catolicanet.net\/wp-cnet\/wp-json\/wp\/v2\/posts\/44995\/revisions\/44997"}],"wp:featuredmedia":[{"embeddable":true,"href":"https:\/\/catolicanet.net\/wp-cnet\/wp-json\/wp\/v2\/media\/44996"}],"wp:attachment":[{"href":"https:\/\/catolicanet.net\/wp-cnet\/wp-json\/wp\/v2\/media?parent=44995"}],"wp:term":[{"taxonomy":"category","embeddable":true,"href":"https:\/\/catolicanet.net\/wp-cnet\/wp-json\/wp\/v2\/categories?post=44995"},{"taxonomy":"post_tag","embeddable":true,"href":"https:\/\/catolicanet.net\/wp-cnet\/wp-json\/wp\/v2\/tags?post=44995"}],"curies":[{"name":"wp","href":"https:\/\/api.w.org\/{rel}","templated":true}]}}