{"id":44970,"date":"2018-10-30T10:48:16","date_gmt":"2018-10-30T13:48:16","guid":{"rendered":"http:\/\/catolicanet.net\/wp-cnet\/?p=44970"},"modified":"2018-10-30T10:48:16","modified_gmt":"2018-10-30T13:48:16","slug":"mae-aparecida-rogai-por-nos","status":"publish","type":"post","link":"https:\/\/catolicanet.net\/wp-cnet\/mae-aparecida-rogai-por-nos\/","title":{"rendered":"M\u00e3e Aparecida, rogai por n\u00f3s!"},"content":{"rendered":"<p><a href=\"http:\/\/www.osaopaulo.org.br\/colunista\/padre-alfredo-jose-goncalves-cs\">Padre Alfredo Jos\u00e9 Gon\u00e7alves, CS<\/a><\/p>\n<p class=\"rtejustify\">Entre os dois turnos das elei\u00e7\u00f5es de 2018, celebramos a Festa da Padroeira do Brasil, Nossa Senhora da Concei\u00e7\u00e3o Aparecida. Mais do que nunca, o Brasil necessita de sua intercess\u00e3o para guiar com justi\u00e7a e sabedoria os rumos do Pa\u00eds. Pode ser oportuno, portanto, retomar alguns princ\u00edpios fundamentais da Doutrina Social da Igreja (DSI), no que concerne ao ensinamento eclesial voltado para a a\u00e7\u00e3o social, econ\u00f4mica e pol\u00edtica.<\/p>\n<p class=\"rtejustify\">Vem, de in\u00edcio, a centralidade e a dignidade de toda pessoa humana. Os indicadores econ\u00f4micos e financeiros cedem o lugar aos indicadores sociais. Mais do que concentrar-se sobre os n\u00fameros do PIB, o sobe e desce da Bolsa de Valores, a taxa de juros ou a rela\u00e7\u00e3o d\u00f3lar-real, a pol\u00edtica tem como tarefa primeira e primordial verificar as condi\u00e7\u00f5es de trabalho, sa\u00fade, esduca\u00e7\u00e3o, seguran\u00e7a, transporte p\u00fablico, alimenta\u00e7\u00e3o, moradia&#8230; Distribui\u00e7\u00e3o dos frutos do trabalho em lugar do ac\u00famulo nas m\u00e3os de poucos privilegiados.<\/p>\n<p class=\"rtejustify\">Depois, temos a busca do bem comum como outra grande preocupa\u00e7\u00e3o da Igreja. O Estado tem por fun\u00e7\u00e3o garantir o destino universal dos bens, resultado combinado do trabalho, da t\u00e9cnica e do progresso. Como fio condutor dos documentos da DSI, o bem-estar da popula\u00e7\u00e3o, especialmente dos pobres e exclu\u00eddos, est\u00e1 acima do individualismo, como tamb\u00e9m dos interesses corporativos, de classe ou dos lucros privados. A base da pir\u00e2mide social tem primazia sobre os habitantes do andar superior. Evita-se com isso que \u201cricos cada vez mais ricos (vivam) \u00e0 custa de pobres cada vez mais pobres\u201d, dizia S\u00e3o Jo\u00e3o Paulo II em sua visita ao M\u00e9xico.<\/p>\n<p class=\"rtejustify\">Desde a <em>Rerum Novarum <\/em>(1891), documento inaugural da DSI, sublinha-se o primado do trabalho sobre o capital. Entram aqui as condi\u00e7\u00f5es de vida dos produtores rurais, dos profissionais liberais e dos trabalhadores urbanos. Como est\u00e1 o acesso \u00e0 terra e ao mercado de trabalho? Disso deriva a situa\u00e7\u00e3o concreta de outros direitos humanos. O desemprego e o subemprego fecham muitas portas. Como superar a pobreza,\u00a0a mis\u00e9ria e a fome? Trabalho digno e honesto e n\u00e3o apenas assistencialismo. Pol\u00edticas p\u00fablicas e n\u00e3o apenas pol\u00edticas compensat\u00f3rias.<\/p>\n<p class=\"rtejustify\">A um mero crescimento econ\u00f4mico, imp\u00f5e-se o desenvolvimento integral. Parte-se de uma pergunta inquietante e n\u00e3o sempre levada a s\u00e9rio em pleno s\u00e9culo XXI: como uma era de tantos avan\u00e7os tecnol\u00f3gicos \u00e9, simultaneamente, \u00a0uma era de tanta fome e subnutri\u00e7\u00e3o em tantas regi\u00f5es do mundo? Como \u00e9 poss\u00edvel que o progresso concentre, ao mesmo tempo, renda e riqueza de um lado e exclus\u00e3o social de outro? Da\u00ed o desafio para superar as injusti\u00e7as socioecon\u00f4micas, as assimetrias e as disparidades, seja em n\u00edvel regional, nacional e internacional. Da\u00ed o apelo a rela\u00e7\u00f5es de produ\u00e7\u00e3o, de com\u00e9rcio e de consumo mais igualit\u00e1rias na economia globalizada.<\/p>\n<p class=\"rtejustify\">Entre as tarefas do Estado, a DSI, ao longo da hist\u00f3ria, tem destacado a fun\u00e7\u00e3o social da propriedade privada. Sobre esta, de fato, \u201cpesa uma hipoteca social\u201d, para usar novamente uma express\u00e3o de S\u00e3o Jo\u00e3o Paulo II. Verifica-se a evolu\u00e7\u00e3o de um princ\u00edpio r\u00edgido, formal e legalista de posse para uma vis\u00e3o mais atenuada. A \u00eanfase desloca-se do t\u00edtulo de propriedade para seu uso solid\u00e1rio. Sob semelhante enfoque, antes de um bem pessoal privado, a propriedade est\u00e1 subordinada aos interesses maiores da sociedade e \u00e0 busca do bem comum.<\/p>\n<p class=\"rtejustify\">Repercutem aqui as palavras do Papa Francisco: passar da \u201ceconomia que exclui e mata\u201d ou da \u201cglobaliza\u00e7\u00e3o da indifere\u00e7a\u201d \u00e0 \u201ccultura da inclus\u00e3o e da solidariedade\u201d. Por isso, M\u00e3e Aparecida, rogai por n\u00f3s!<\/p>\n<p class=\"rtejustify\">\n<address><sub><strong>Padre Alfredo Jos\u00e9 Gon\u00e7alves<\/strong>, CS, te\u00f3logo, \u00e9 o atual Vig\u00e1rio Geral da Congrega\u00e7\u00e3o dos Mission\u00e1rios de S\u00e3o Carlos (scalabrinianos). Realizou trabalhos pastorais em favelas, corti\u00e7os e no interior do Estado de S\u00e3o Paulo \u00a0com os migrantes cortadores de cana-de-a\u00e7\u00facar. Foi diretor do CEM-Centro de Estudos Migrat\u00f3rios de S\u00e3o Paulo, assessor do Setor Pastorais Sociais da CNBB, Superior da Prov\u00edncia S\u00e3o Paulo dos Padres Scalabrinianos.<\/sub><\/address>\n<address>\u00a0<\/address>\n","protected":false},"excerpt":{"rendered":"<p>Padre Alfredo Jos\u00e9 Gon\u00e7alves, CS Entre os dois turnos das elei\u00e7\u00f5es de 2018, celebramos a Festa da Padroeira do Brasil, Nossa Senhora da Concei\u00e7\u00e3o Aparecida. Mais do que nunca, o Brasil necessita de sua intercess\u00e3o para guiar com justi\u00e7a e sabedoria os rumos do Pa\u00eds. Pode ser oportuno, portanto, retomar alguns princ\u00edpios fundamentais da Doutrina [&hellip;]<\/p>\n","protected":false},"author":1,"featured_media":44097,"comment_status":"open","ping_status":"closed","sticky":false,"template":"","format":"standard","meta":{"footnotes":""},"categories":[4],"tags":[],"class_list":["post-44970","post","type-post","status-publish","format-standard","has-post-thumbnail","hentry","category-cotidiano"],"_links":{"self":[{"href":"https:\/\/catolicanet.net\/wp-cnet\/wp-json\/wp\/v2\/posts\/44970","targetHints":{"allow":["GET"]}}],"collection":[{"href":"https:\/\/catolicanet.net\/wp-cnet\/wp-json\/wp\/v2\/posts"}],"about":[{"href":"https:\/\/catolicanet.net\/wp-cnet\/wp-json\/wp\/v2\/types\/post"}],"author":[{"embeddable":true,"href":"https:\/\/catolicanet.net\/wp-cnet\/wp-json\/wp\/v2\/users\/1"}],"replies":[{"embeddable":true,"href":"https:\/\/catolicanet.net\/wp-cnet\/wp-json\/wp\/v2\/comments?post=44970"}],"version-history":[{"count":1,"href":"https:\/\/catolicanet.net\/wp-cnet\/wp-json\/wp\/v2\/posts\/44970\/revisions"}],"predecessor-version":[{"id":44971,"href":"https:\/\/catolicanet.net\/wp-cnet\/wp-json\/wp\/v2\/posts\/44970\/revisions\/44971"}],"wp:featuredmedia":[{"embeddable":true,"href":"https:\/\/catolicanet.net\/wp-cnet\/wp-json\/wp\/v2\/media\/44097"}],"wp:attachment":[{"href":"https:\/\/catolicanet.net\/wp-cnet\/wp-json\/wp\/v2\/media?parent=44970"}],"wp:term":[{"taxonomy":"category","embeddable":true,"href":"https:\/\/catolicanet.net\/wp-cnet\/wp-json\/wp\/v2\/categories?post=44970"},{"taxonomy":"post_tag","embeddable":true,"href":"https:\/\/catolicanet.net\/wp-cnet\/wp-json\/wp\/v2\/tags?post=44970"}],"curies":[{"name":"wp","href":"https:\/\/api.w.org\/{rel}","templated":true}]}}