{"id":44951,"date":"2018-10-30T08:48:08","date_gmt":"2018-10-30T11:48:08","guid":{"rendered":"http:\/\/catolicanet.net\/wp-cnet\/?p=44951"},"modified":"2018-10-30T08:48:08","modified_gmt":"2018-10-30T11:48:08","slug":"halloween-na-origem-e-preparacao-para-celebrar-a-festa-de-todos-os-santos-no-dia-1o-de-novembro","status":"publish","type":"post","link":"https:\/\/catolicanet.net\/wp-cnet\/halloween-na-origem-e-preparacao-para-celebrar-a-festa-de-todos-os-santos-no-dia-1o-de-novembro\/","title":{"rendered":"Halloween, na origem, \u00e9 prepara\u00e7\u00e3o para celebrar a festa de todos os Santos, no dia 1\u00ba de novembro"},"content":{"rendered":"<p>A Festa de Halloween ou o Dia das Bruxas, como \u00e9 mais conhecida, se popularizou no Brasil como uma comemora\u00e7\u00e3o folcl\u00f3rica, popular onde crian\u00e7as e adultos se vestem de fantasias (quase carnavalescas) para se divertir. Entre os pequenos, h\u00e1 quem use as fantasias de bruxa pra fazer a famosa brincadeira do \u201c<em>trick or treat<\/em><strong>\u201d<\/strong> (gostosuras ou travessuras). Mas, muitos se perguntam: \u201cQue festa \u00e9 essa?\u201d.<\/p>\n<div id=\"attachment_202850\" class=\"wp-caption alignleft\"><img loading=\"lazy\" decoding=\"async\" class=\" wp-image-202850\" src=\"http:\/\/www.cnbb.org.br\/wp-content\/uploads\/sites\/32\/2018\/10\/Dom-Edgar-Moreira-da-Cunha_Foto_Diocese-de-Fall-River-198x300.jpg\" srcset=\"http:\/\/www.cnbb.org.br\/wp-content\/uploads\/sites\/32\/2018\/10\/Dom-Edgar-Moreira-da-Cunha_Foto_Diocese-de-Fall-River-198x300.jpg 198w, http:\/\/www.cnbb.org.br\/wp-content\/uploads\/sites\/32\/2018\/10\/Dom-Edgar-Moreira-da-Cunha_Foto_Diocese-de-Fall-River.jpg 250w\" alt=\"\" width=\"163\" height=\"247\" \/><\/p>\n<p class=\"wp-caption-text\"><em>Dom Edgar da Cunha, bispo da diocese de Fall River, EUA<\/em><\/p>\n<\/div>\n<p>Na origem, o Halloween antes chamado de \u201cAll hallow\u2019s eve\u201d, significa \u201cv\u00e9spera de todos os santos\u201d, j\u00e1 que se refere de noite de 31 de outubro, v\u00e9spera da Festa de Todos os Santos. O bispo brasileiro da diocese de Fall River, nos Estados Unidos, dom Edgar da Cunha, explica que a origem do Holloween \u00e9 preparar as pessoas para a celebra\u00e7\u00e3o da festa de todos os Santos. \u201cEspantar os maus esp\u00edritos para purificar o ambiente e ent\u00e3o celebrar a festa de todos os santos de forma pura e livre dos esp\u00edritos maus\u201d, diz.<\/p>\n<p>Em um artigo, o te\u00f3logo e fil\u00f3sofo Andr\u00e9 Botelho, explica que a pr\u00e1tica do Halloween vem do povo celta, o qual acreditava que, no \u00faltimo dia do ver\u00e3o (31 de outubro), os esp\u00edritos sa\u00edam dos cemit\u00e9rios para tomar posse dos corpos dos vivos, visitar as fam\u00edlias e levar as pessoas ao mundo dos mortos. Segundo Andr\u00e9, os sacerdotes dru\u00edstas (religi\u00e3o celta) atuavam como m\u00e9diuns, evocando os mortos.<\/p>\n<p>\u201cParece que, para espantar esses fantasmas, os celtas tinham o costume de colocar objetos assustadores nas casas, como caveiras, ossos decorados, ab\u00f3boras enfeitadas entre outros\u201d, ressalta.<\/p>\n<p>De acordo com dom Edgard da Cunha, atualmente, a festa de Halloween tomou um novo sentido. As pessoas usam mascaras, assombra\u00e7\u00f5es sem saber o sentido ou o porqu\u00ea do que fazem. O sentido original era para expulsar os esp\u00edritos maus e ent\u00e3o poder celebrar a festa de Todos os Santos purificados.<\/p>\n<p>O bispo de Fall River ressalta ainda que a Igreja nunca proibiu ou condenou a celebra\u00e7\u00e3o de Halloween. <b><\/b>\u201cAs pessoas devem ver Holloween como uma tradi\u00e7\u00e3o cultural que tem uma origem positiva para afastar o mau e celebrar o bem, ou tudo que \u00e9 santo. Alguns no entanto v\u00eaem isso como uma supersti\u00e7\u00e3o e as vezes at\u00e9 uma apologia ao mau e aos maus esp\u00edritos, ou a tudo que \u00e9 ruim\u201d, esclarece.<\/p>\n<p><strong>Origens <\/strong><\/p>\n<div class=\"mceTemp\"><\/div>\n<div id=\"attachment_202856\" class=\"wp-caption alignleft\"><img loading=\"lazy\" decoding=\"async\" class=\"size-medium wp-image-202856\" src=\"http:\/\/www.cnbb.org.br\/wp-content\/uploads\/sites\/32\/2018\/10\/Foto_mediaphotos-by-Getty-Images-300x225.jpg\" srcset=\"http:\/\/www.cnbb.org.br\/wp-content\/uploads\/sites\/32\/2018\/10\/Foto_mediaphotos-by-Getty-Images-300x225.jpg 300w, http:\/\/www.cnbb.org.br\/wp-content\/uploads\/sites\/32\/2018\/10\/Foto_mediaphotos-by-Getty-Images.jpg 768w\" alt=\"\" width=\"300\" height=\"225\" \/><\/p>\n<p class=\"wp-caption-text\">Foto: mediaphotos by Getty Images<\/p>\n<\/div>\n<p>O que \u00e9 a contra\u00e7\u00e3o do termo escoc\u00eas \u201cAllhallow-eve\u201d, surgiu no contato da cultura celta com o Cristianismo. Essa festa \u00e9 realizada, em grande parte, nos pa\u00edses ocidentais, sendo mais forte nos Estados Unidos, para onde foi levada por imigrantes irlandeses em meados do s\u00e9culo XIX e chegou a ser parte do folclore popular.<\/p>\n<p>Essa hist\u00f3ria de Dia das Bruxas surgiu ainda no antigo costume celta quando se supunha que os mortos vinham \u00e0 Terra visitar seus familiares na noite de 31 e outubro. Por isso, segundo uma antiga lenda as fantasias, as ab\u00f3boras iluminadas, caveiras e etc eram para afastar os visitantes do al\u00e9m. Com a proximidade dos celtas com o cristianismo essas pr\u00e1ticas pag\u00e3s foram, em boa parte, cristianizada pela Igreja, que instituiu a Festa de Todos os Santos, dia 1\u00ba de novembro e a comemora\u00e7\u00e3o de Finados, 2 de novembro.<\/p>\n","protected":false},"excerpt":{"rendered":"<p>A Festa de Halloween ou o Dia das Bruxas, como \u00e9 mais conhecida, se popularizou no Brasil como uma comemora\u00e7\u00e3o folcl\u00f3rica, popular onde crian\u00e7as e adultos se vestem de fantasias (quase carnavalescas) para se divertir. Entre os pequenos, h\u00e1 quem use as fantasias de bruxa pra fazer a famosa brincadeira do \u201ctrick or treat\u201d (gostosuras [&hellip;]<\/p>\n","protected":false},"author":1,"featured_media":44952,"comment_status":"open","ping_status":"closed","sticky":false,"template":"","format":"standard","meta":{"footnotes":""},"categories":[7],"tags":[],"class_list":["post-44951","post","type-post","status-publish","format-standard","has-post-thumbnail","hentry","category-cnbb"],"_links":{"self":[{"href":"https:\/\/catolicanet.net\/wp-cnet\/wp-json\/wp\/v2\/posts\/44951","targetHints":{"allow":["GET"]}}],"collection":[{"href":"https:\/\/catolicanet.net\/wp-cnet\/wp-json\/wp\/v2\/posts"}],"about":[{"href":"https:\/\/catolicanet.net\/wp-cnet\/wp-json\/wp\/v2\/types\/post"}],"author":[{"embeddable":true,"href":"https:\/\/catolicanet.net\/wp-cnet\/wp-json\/wp\/v2\/users\/1"}],"replies":[{"embeddable":true,"href":"https:\/\/catolicanet.net\/wp-cnet\/wp-json\/wp\/v2\/comments?post=44951"}],"version-history":[{"count":1,"href":"https:\/\/catolicanet.net\/wp-cnet\/wp-json\/wp\/v2\/posts\/44951\/revisions"}],"predecessor-version":[{"id":44953,"href":"https:\/\/catolicanet.net\/wp-cnet\/wp-json\/wp\/v2\/posts\/44951\/revisions\/44953"}],"wp:featuredmedia":[{"embeddable":true,"href":"https:\/\/catolicanet.net\/wp-cnet\/wp-json\/wp\/v2\/media\/44952"}],"wp:attachment":[{"href":"https:\/\/catolicanet.net\/wp-cnet\/wp-json\/wp\/v2\/media?parent=44951"}],"wp:term":[{"taxonomy":"category","embeddable":true,"href":"https:\/\/catolicanet.net\/wp-cnet\/wp-json\/wp\/v2\/categories?post=44951"},{"taxonomy":"post_tag","embeddable":true,"href":"https:\/\/catolicanet.net\/wp-cnet\/wp-json\/wp\/v2\/tags?post=44951"}],"curies":[{"name":"wp","href":"https:\/\/api.w.org\/{rel}","templated":true}]}}