{"id":44928,"date":"2018-10-29T15:17:17","date_gmt":"2018-10-29T18:17:17","guid":{"rendered":"http:\/\/catolicanet.net\/wp-cnet\/?p=44928"},"modified":"2018-10-29T15:17:17","modified_gmt":"2018-10-29T18:17:17","slug":"esta-e-a-catedral-que-o-papa-francisco-consagrara-na-jmj-panama-2019","status":"publish","type":"post","link":"https:\/\/catolicanet.net\/wp-cnet\/esta-e-a-catedral-que-o-papa-francisco-consagrara-na-jmj-panama-2019\/","title":{"rendered":"Esta \u00e9 a catedral que o Papa Francisco consagrar\u00e1 na JMJ Panam\u00e1 2019"},"content":{"rendered":"<p>Durante sua visita ao Panam\u00e1 para presidir a Jornada Mundial da Juventude (JMJ), o Papa Francisco consagrar\u00e1 a Catedral Bas\u00edlica de Santa Maria la Antigua, que est\u00e1 sendo restaurada h\u00e1 alguns anos e j\u00e1 est\u00e1 terminado a sua obra.<\/p>\n<p>&#8220;Neste momento, est\u00e3o fazendo obras de restaura\u00e7\u00e3o. Estamos emocionados de saber que em janeiro, por ocasi\u00e3o da JMJ, Sua Santidade o Papa Francisco ter\u00e1 a honra de consagrar esta catedral, da qual nascem as demais dioceses da Am\u00e9rica Latina&#8221;, disse em entrevista ao Grupo <a href=\"https:\/\/www.acidigital.com\">ACI<\/a> Pe. Javier Ma\u00f1as Garc\u00eda, guardi\u00e3o das igrejas do Bairro Antigo do Panam\u00e1.<\/p>\n<p>O sacerdote merced\u00e1rio explicou que o governo panamenho destinou cerca de 12 milh\u00f5es de d\u00f3lares para a restaura\u00e7\u00e3o da <a href=\"https:\/\/www.acidigital.com\/igreja\/index.html\">igreja<\/a>, que dever\u00e1 terminar em novembro de 2018.<\/p>\n<p>&#8220;Este templo \u00e9 muito importante para n\u00f3s, porque \u00e9 a m\u00e3e da Igreja local e porque \u00e9 a primeira catedral e arquidiocese do continente&#8221;, acrescentou.<\/p>\n<p>Atualmente, a restaura\u00e7\u00e3o da bas\u00edlica menor contou com a instala\u00e7\u00e3o de um novo piso e fia\u00e7\u00e3o el\u00e9trica; foram restauradas as pinturas, o altar, o teto. Tamb\u00e9m ser\u00e1\u00a0 instalado um ar condicionado devido ao calor. Um \u00f3rg\u00e3o monumental tamb\u00e9m ser\u00e1 instalado no in\u00edcio de 2019.<\/p>\n<p><img decoding=\"async\" src=\"https:\/\/www.aciprensa.com\/images\/catedral_de_panama.jpeg\" alt=\"\" \/><\/p>\n<h6><em>Cr\u00e9dito: Flickr de Charlie Leu (CC BY-NC-ND 2.0)<\/em><\/h6>\n<p>&#8220;Agora a Igreja local tem a miss\u00e3o de colocar os paramentos lit\u00fargicos do altar e as <a href=\"https:\/\/www.acidigital.com\/controversia\/imagens.htm\">imagens<\/a> dos santos. Isso \u00e9 feito atrav\u00e9s do Comit\u00ea Arquidiocesano dos Amigos do Bairro Antigo, cuja miss\u00e3o \u00e9 restaurar e devolver o esplendor do patrim\u00f4nio religioso&#8221;, acrescentou.<\/p>\n<p>Al\u00e9m da catedral, outros quatro templos ser\u00e3o restaurados no Bairro Antigo da Cidade do Panam\u00e1, entre os quais as igrejas de La Merced, S\u00e3o Jos\u00e9, S\u00e3o Francisco e S\u00e3o Felipe.<\/p>\n<p><strong>Hist\u00f3ria da Catedral<\/strong><\/p>\n<p>Sua origem remonta a 1673, quando foram constru\u00eddas as primeiras estruturas de madeira, pouco tempo depois da funda\u00e7\u00e3o da Cidade do Panam\u00e1. Entretanto, s\u00f3 em 1688 a catedral come\u00e7ou a ser constru\u00edda oficialmente. A sua constru\u00e7\u00e3o demorou 108 anos e foi finalizada em 1796.<\/p>\n<p>A Catedral testemunhou acontecimentos hist\u00f3ricos que marcaram o Panam\u00e1, como a leitura da Lei da Independ\u00eancia da Am\u00e9rica Central realizada na escada da catedral, em 28 de novembro de 1821.<\/p>\n<p>Em 22 de dezembro de 2014, o Arcebispo do Panam\u00e1, Dom Jose Domingo Ulloa, informou que o templo havia sido elevado a bas\u00edlica menor pelo Vaticano.<\/p>\n<p>As obras de restaura\u00e7\u00e3o come\u00e7aram em 2015, ap\u00f3s o an\u00fancio do presidente Juan Carlos Varela.<\/p>\n","protected":false},"excerpt":{"rendered":"<p>Durante sua visita ao Panam\u00e1 para presidir a Jornada Mundial da Juventude (JMJ), o Papa Francisco consagrar\u00e1 a Catedral Bas\u00edlica de Santa Maria la Antigua, que est\u00e1 sendo restaurada h\u00e1 alguns anos e j\u00e1 est\u00e1 terminado a sua obra. &#8220;Neste momento, est\u00e3o fazendo obras de restaura\u00e7\u00e3o. Estamos emocionados de saber que em janeiro, por ocasi\u00e3o [&hellip;]<\/p>\n","protected":false},"author":1,"featured_media":44929,"comment_status":"open","ping_status":"closed","sticky":false,"template":"","format":"standard","meta":{"footnotes":""},"categories":[13],"tags":[],"class_list":["post-44928","post","type-post","status-publish","format-standard","has-post-thumbnail","hentry","category-featured"],"_links":{"self":[{"href":"https:\/\/catolicanet.net\/wp-cnet\/wp-json\/wp\/v2\/posts\/44928","targetHints":{"allow":["GET"]}}],"collection":[{"href":"https:\/\/catolicanet.net\/wp-cnet\/wp-json\/wp\/v2\/posts"}],"about":[{"href":"https:\/\/catolicanet.net\/wp-cnet\/wp-json\/wp\/v2\/types\/post"}],"author":[{"embeddable":true,"href":"https:\/\/catolicanet.net\/wp-cnet\/wp-json\/wp\/v2\/users\/1"}],"replies":[{"embeddable":true,"href":"https:\/\/catolicanet.net\/wp-cnet\/wp-json\/wp\/v2\/comments?post=44928"}],"version-history":[{"count":1,"href":"https:\/\/catolicanet.net\/wp-cnet\/wp-json\/wp\/v2\/posts\/44928\/revisions"}],"predecessor-version":[{"id":44930,"href":"https:\/\/catolicanet.net\/wp-cnet\/wp-json\/wp\/v2\/posts\/44928\/revisions\/44930"}],"wp:featuredmedia":[{"embeddable":true,"href":"https:\/\/catolicanet.net\/wp-cnet\/wp-json\/wp\/v2\/media\/44929"}],"wp:attachment":[{"href":"https:\/\/catolicanet.net\/wp-cnet\/wp-json\/wp\/v2\/media?parent=44928"}],"wp:term":[{"taxonomy":"category","embeddable":true,"href":"https:\/\/catolicanet.net\/wp-cnet\/wp-json\/wp\/v2\/categories?post=44928"},{"taxonomy":"post_tag","embeddable":true,"href":"https:\/\/catolicanet.net\/wp-cnet\/wp-json\/wp\/v2\/tags?post=44928"}],"curies":[{"name":"wp","href":"https:\/\/api.w.org\/{rel}","templated":true}]}}