{"id":44920,"date":"2018-10-29T14:47:15","date_gmt":"2018-10-29T17:47:15","guid":{"rendered":"http:\/\/catolicanet.net\/wp-cnet\/?p=44920"},"modified":"2018-10-29T14:47:15","modified_gmt":"2018-10-29T17:47:15","slug":"o-que-responder-a-uma-crianca-quando-ela-perguntar-se-vai-morrer","status":"publish","type":"post","link":"https:\/\/catolicanet.net\/wp-cnet\/o-que-responder-a-uma-crianca-quando-ela-perguntar-se-vai-morrer\/","title":{"rendered":"O que responder a uma crian\u00e7a quando ela perguntar se vai morrer?"},"content":{"rendered":"<h2 class=\"subtitle\">Santa Teresinha do Menino Jesus nos oferece um bom ponto de partida para a resposta<\/h2>\n<p>Depois do falecimento de uma pessoa pr\u00f3xima, as crian\u00e7as costumam nos fazer algumas perguntas sobre a morte, inclusive sobre a pr\u00f3pria morte. Querem saber se elas v\u00e3o morrer tamb\u00e9m. E quando conseguimos \u2013 com a ajuda de algumas piruetas e suaves eufemismo \u2013 explicar-lhes a verdade, os pequenos continuam perguntando: \u201cmas quando mesmo \u00e9 que eu vou morrer?\u201d<\/p>\n<p>Nesse momento, temos que levar em conta a idade da crian\u00e7a e, por fim, desistir de falar sobre expectativa de vida e escolher entre o f\u00e1cil e o tranquilizador. \u00c9 nessa hora que vem a famosa e simples resposta: \u201cs\u00f3 Deus sabe\u201d.<\/p>\n<h3><b>N\u00e3o esconder a verdade<\/b><\/h3>\n<p>Os psic\u00f3logos concordam: \u00e9 importante n\u00e3o esconder a verdade das crian\u00e7as. Se elas fazem uma pergunta, \u00e9 porque querem entender. Da\u00ed a necessidade de dedicar um tempo para ouvi-las (e tirar as d\u00favidas delas). Uma crian\u00e7a ficar\u00e1 menos inquieta se souber a verdade.<\/p>\n<h3><strong>A li\u00e7\u00e3o de Santa Teresinha <\/strong><\/h3>\n<p>Os crist\u00e3os t\u00eam a sorte de poder oferecer uma resposta cheia de esperan\u00e7a \u00e0s perguntas sobre a morte:<span class=\"Apple-converted-space\">\u00a0 <\/span><b>A morte \u00e9 a porta de entrada para a vida eterna.<\/b><\/p>\n<p>Santa Teresa de Lisieux, quando escreveu ao abade Maurice Belli\u00e8re em junho de 1887 (ela morreu em setembro do mesmo ano), explicou:<\/p>\n<p><b><i>\u201cDesejaria dizer-lhe, querido pequeno irm\u00e3o, mil coisas que s\u00f3 agora, que estou \u00e0s portas da Eternidade, entendo. Mas eu n\u00e3o morro, entro na vida\u201d.<\/i><\/b><\/p>\n<div class=\"nativo-inread\"><\/div>\n<p>Esta era uma intui\u00e7\u00e3o que ela j\u00e1 tinha desde muito pequena, quando desejava a morte de seus pais durante seus arrebatos de ternura. A m\u00e3e de Teresa, Celia Martin, citou em uma carta: \u201cAs crian\u00e7as s\u00e3o espertas sem igual, [Teresa] acaba de me acariciar, desejando-me a morte: \u2018Oh, quanto eu gostaria que morresses, minha pobre m\u00e3e. Mas \u00e9 para que v\u00e1s ao C\u00e9u, pois me disseste que \u00e9 preciso morrer para ir at\u00e9 l\u00e1\u2019\u201d.<\/p>\n<p>Sim, Santa Teresinha do Menino Jesus aprendeu que a verdadeira p\u00e1tria \u00e9 o C\u00e9u. Por isso, nunca demonstrou medo diante da morte. Como pais, tentemos incentivar um pouco esta confian\u00e7a \u00e0s almas atormentadas de nossos filhos.<\/p>\n","protected":false},"excerpt":{"rendered":"<p>Santa Teresinha do Menino Jesus nos oferece um bom ponto de partida para a resposta Depois do falecimento de uma pessoa pr\u00f3xima, as crian\u00e7as costumam nos fazer algumas perguntas sobre a morte, inclusive sobre a pr\u00f3pria morte. Querem saber se elas v\u00e3o morrer tamb\u00e9m. E quando conseguimos \u2013 com a ajuda de algumas piruetas e [&hellip;]<\/p>\n","protected":false},"author":1,"featured_media":44923,"comment_status":"open","ping_status":"closed","sticky":false,"template":"","format":"standard","meta":{"footnotes":""},"categories":[4],"tags":[],"class_list":["post-44920","post","type-post","status-publish","format-standard","has-post-thumbnail","hentry","category-cotidiano"],"_links":{"self":[{"href":"https:\/\/catolicanet.net\/wp-cnet\/wp-json\/wp\/v2\/posts\/44920","targetHints":{"allow":["GET"]}}],"collection":[{"href":"https:\/\/catolicanet.net\/wp-cnet\/wp-json\/wp\/v2\/posts"}],"about":[{"href":"https:\/\/catolicanet.net\/wp-cnet\/wp-json\/wp\/v2\/types\/post"}],"author":[{"embeddable":true,"href":"https:\/\/catolicanet.net\/wp-cnet\/wp-json\/wp\/v2\/users\/1"}],"replies":[{"embeddable":true,"href":"https:\/\/catolicanet.net\/wp-cnet\/wp-json\/wp\/v2\/comments?post=44920"}],"version-history":[{"count":1,"href":"https:\/\/catolicanet.net\/wp-cnet\/wp-json\/wp\/v2\/posts\/44920\/revisions"}],"predecessor-version":[{"id":44924,"href":"https:\/\/catolicanet.net\/wp-cnet\/wp-json\/wp\/v2\/posts\/44920\/revisions\/44924"}],"wp:featuredmedia":[{"embeddable":true,"href":"https:\/\/catolicanet.net\/wp-cnet\/wp-json\/wp\/v2\/media\/44923"}],"wp:attachment":[{"href":"https:\/\/catolicanet.net\/wp-cnet\/wp-json\/wp\/v2\/media?parent=44920"}],"wp:term":[{"taxonomy":"category","embeddable":true,"href":"https:\/\/catolicanet.net\/wp-cnet\/wp-json\/wp\/v2\/categories?post=44920"},{"taxonomy":"post_tag","embeddable":true,"href":"https:\/\/catolicanet.net\/wp-cnet\/wp-json\/wp\/v2\/tags?post=44920"}],"curies":[{"name":"wp","href":"https:\/\/api.w.org\/{rel}","templated":true}]}}