{"id":44874,"date":"2018-10-26T09:42:15","date_gmt":"2018-10-26T12:42:15","guid":{"rendered":"http:\/\/catolicanet.net\/wp-cnet\/?p=44874"},"modified":"2018-10-26T09:42:15","modified_gmt":"2018-10-26T12:42:15","slug":"brasileiro-e-eleito-novo-superior-geral-dos-scalabrinianos","status":"publish","type":"post","link":"https:\/\/catolicanet.net\/wp-cnet\/brasileiro-e-eleito-novo-superior-geral-dos-scalabrinianos\/","title":{"rendered":"Brasileiro \u00e9 eleito novo superior-geral dos scalabrinianos"},"content":{"rendered":"<div class=\"article__subTitle\">Com esta elei\u00e7\u00e3o, agora seja o ramo feminino, seja o ramo masculino da fam\u00edlia scalabrianiana \u00e9 dirigido por um brasileiro. Ir. Neusa de F\u00e1tima Mariano \u00e9 a superiora-geral da Congrega\u00e7\u00e3o das Mission\u00e1rias de S\u00e3o Carlos Borromeu.<\/div>\n<div class=\"title__separator\"><\/div>\n<div class=\"article__text\">\n<p><b>Bianca Fraccalvieri \u2013 Cidade do Vaticano<\/b><\/p>\n<p>Os participantes do XV\u00b0 Cap\u00edtulo Geral dos scalabrinianos, reunidos em Rocca di Papa, elegeram um brasileiro como novo superior-geral: Pe. Leonir Mario Chiarello.<\/p>\n<p>\u201cProcurarei fazer o melhor poss\u00edvel na atual situa\u00e7\u00e3o de grandes desafios das migra\u00e7\u00f5es e ref\u00fagio internacional, para que a nossa Congrega\u00e7\u00e3o possa dar uma resposta adequada e significativa\u201d, disse Pe. Chiarello em declara\u00e7\u00e3o ao Vatican News, pedindo ora\u00e7\u00f5es por seu minist\u00e9rio.<\/p>\n<div>\n<div class=\"article__embed article__embed--unwrap article__embed--dark\">\n<div class=\"article__innerTitle\">Ou\u00e7a o Padre Leonir Chiarello<\/div>\n<!--[if lt IE 9]><script>document.createElement('audio');<\/script><![endif]-->\n<audio class=\"wp-audio-shortcode\" id=\"audio-44874-1\" preload=\"none\" style=\"width: 100%;\" controls=\"controls\"><source type=\"audio\/mpeg\" src=\"https:\/\/media.vaticannews.va\/media\/audio\/s1\/2018\/10\/26\/9\/134688468_F134688468.mp3?_=1\" \/><a href=\"https:\/\/media.vaticannews.va\/media\/audio\/s1\/2018\/10\/26\/9\/134688468_F134688468.mp3\">https:\/\/media.vaticannews.va\/media\/audio\/s1\/2018\/10\/26\/9\/134688468_F134688468.mp3<\/a><\/audio>\n<\/div>\n<\/div>\n<p>At\u00e9 ent\u00e3o, Pe. Leonir Chiarello era o diretor-executivo da SIMN (Scalabrini International Migration Network) e o seu representante junto \u00e0s Na\u00e7\u00f5es Unidas. Estudou Filosofia na Universidade de Caxias do Sul e Teologia dogmatica na Pontif\u00edcia Universidade Gregoriana de Roma, e um master em Ci\u00eancias Sociais e Pol\u00edticas na Universidade Alberto Hurtado de Santiago, Chile.<\/p>\n<p>Antes de dirigir o SIMN, Pe. Leonir trabalhou na Am\u00e9rica Latina: de outubro de 1996 a agosto de 1997, com comunidades de migrantes em Bahia Blanca, na Argentina; de setembro de 1997 a junho de 2006, no Chile, como conselheiro (1998-2001) e vice-presidente-executivo (2001-2006) da Comiss\u00e3o episcopal para as migra\u00e7\u00f5es do Chile (INCAMI).<br \/>\nO sacerdote foi fundador e diretor do Centro Integrado de Atencion al Migrante (CIAMI) de Santiago (2000), fundador e primeiro presidente da Fondazione Scalabrini e a ONG Scalabrini do Chile (2003-2006), e Conselheiro da Se\u00e7\u00e3o de Mobilidade Humana do Conselho Episcopal Latino-americano &#8211; CELAM (2003-2006).<\/p>\n<p>Por seu empenho pelos migrantes peruanos em situa\u00e7\u00e3o de vulnerabilidade no Chile, Pe. Chiarello recebeu a distin\u00e7\u00e3o Commendation Order of Merit per Distinguished Alan Garc\u00eda P\u00e9rez, em 12 de julho de 2007.<\/p>\n<h2>Audi\u00eancia com o Papa Francisco<\/h2>\n<p>Com esta elei\u00e7\u00e3o, agora seja o ramo feminino, seja o ramo masculino da fam\u00edlia scalabrianiana \u00e9 dirigido por um brasileiro. Ir. Neusa de F\u00e1tima Mariano \u00e9 a superiora-geral da Congrega\u00e7\u00e3o das Mission\u00e1rias de S\u00e3o Carlos Borromeu.<\/p>\n<p>Na segunda-feira, 29 de outubro, os capitulares ser\u00e3o recebidos em audi\u00eancia no Vaticano pelo Papa Francisco. O Cap\u00edtulo teve in\u00edcio no dia 9 de outubro e se concluir\u00e1 no dia 4 de novembro.<\/p>\n<\/div>\n","protected":false},"excerpt":{"rendered":"<p>Com esta elei\u00e7\u00e3o, agora seja o ramo feminino, seja o ramo masculino da fam\u00edlia scalabrianiana \u00e9 dirigido por um brasileiro. Ir. Neusa de F\u00e1tima Mariano \u00e9 a superiora-geral da Congrega\u00e7\u00e3o das Mission\u00e1rias de S\u00e3o Carlos Borromeu. Bianca Fraccalvieri \u2013 Cidade do Vaticano Os participantes do XV\u00b0 Cap\u00edtulo Geral dos scalabrinianos, reunidos em Rocca di Papa, [&hellip;]<\/p>\n","protected":false},"author":1,"featured_media":44875,"comment_status":"open","ping_status":"closed","sticky":false,"template":"","format":"standard","meta":{"footnotes":""},"categories":[3],"tags":[],"class_list":["post-44874","post","type-post","status-publish","format-standard","has-post-thumbnail","hentry","category-vaticano"],"_links":{"self":[{"href":"https:\/\/catolicanet.net\/wp-cnet\/wp-json\/wp\/v2\/posts\/44874","targetHints":{"allow":["GET"]}}],"collection":[{"href":"https:\/\/catolicanet.net\/wp-cnet\/wp-json\/wp\/v2\/posts"}],"about":[{"href":"https:\/\/catolicanet.net\/wp-cnet\/wp-json\/wp\/v2\/types\/post"}],"author":[{"embeddable":true,"href":"https:\/\/catolicanet.net\/wp-cnet\/wp-json\/wp\/v2\/users\/1"}],"replies":[{"embeddable":true,"href":"https:\/\/catolicanet.net\/wp-cnet\/wp-json\/wp\/v2\/comments?post=44874"}],"version-history":[{"count":1,"href":"https:\/\/catolicanet.net\/wp-cnet\/wp-json\/wp\/v2\/posts\/44874\/revisions"}],"predecessor-version":[{"id":44876,"href":"https:\/\/catolicanet.net\/wp-cnet\/wp-json\/wp\/v2\/posts\/44874\/revisions\/44876"}],"wp:featuredmedia":[{"embeddable":true,"href":"https:\/\/catolicanet.net\/wp-cnet\/wp-json\/wp\/v2\/media\/44875"}],"wp:attachment":[{"href":"https:\/\/catolicanet.net\/wp-cnet\/wp-json\/wp\/v2\/media?parent=44874"}],"wp:term":[{"taxonomy":"category","embeddable":true,"href":"https:\/\/catolicanet.net\/wp-cnet\/wp-json\/wp\/v2\/categories?post=44874"},{"taxonomy":"post_tag","embeddable":true,"href":"https:\/\/catolicanet.net\/wp-cnet\/wp-json\/wp\/v2\/tags?post=44874"}],"curies":[{"name":"wp","href":"https:\/\/api.w.org\/{rel}","templated":true}]}}