{"id":44868,"date":"2018-10-26T09:27:51","date_gmt":"2018-10-26T12:27:51","guid":{"rendered":"http:\/\/catolicanet.net\/wp-cnet\/?p=44868"},"modified":"2018-10-26T09:27:51","modified_gmt":"2018-10-26T12:27:51","slug":"fake-news-nossa-senhora-aparecida-nao-deixara-de-ser-padroeira-do-brasil","status":"publish","type":"post","link":"https:\/\/catolicanet.net\/wp-cnet\/fake-news-nossa-senhora-aparecida-nao-deixara-de-ser-padroeira-do-brasil\/","title":{"rendered":"Fake News: Nossa Senhora Aparecida n\u00e3o deixar\u00e1 de ser padroeira do Brasil"},"content":{"rendered":"<p>Neste m\u00eas de outubro, quando a <a href=\"https:\/\/www.acidigital.com\/igreja\/index.html\">Igreja<\/a> celebrou a padroeira do Brasil, <a href=\"https:\/\/www.acidigital.com\/Maria\/aparecida\/index.html\">Nossa Senhora Aparecida<\/a>, come\u00e7ou a circular nas redes sociais a informa\u00e7\u00e3o de que um dos candidatos \u00e0 Presid\u00eancia do Brasil, Jair Bolsonaro (PSL), iria mudar a representa\u00e7\u00e3o da Virgem Aparecida e apoiaria um projeto de lei que tiraria Dela o t\u00edtulo de padroeira do pa\u00eds; por\u00e9m, esta semana, o pr\u00f3prio pol\u00edtico negou o fato.<\/p>\n<p>As informa\u00e7\u00f5es que circularam em redes sociais como Facebook e WhatsApp constavam de uma suposta p\u00e1gina do jornal Folha de S. Paulo, com a declara\u00e7\u00e3o de que a sugest\u00e3o da \u201ctroca da imagem da padroeira do Brasil\u201d teria ocorrido em um encontro entre Bolsonaro e Edir Macedo, da Igreja Universal.<\/p>\n<p>Al\u00e9m disso, a suposta not\u00edcia afirma que o candidato \u201ctomar\u00e1 essa postura n\u00e3o somente pelo tom da pele, e sim para trazer mudan\u00e7a em todos os cen\u00e1rios\u201d.<\/p>\n<p>Entretanto, n\u00e3o h\u00e1 nenhuma publica\u00e7\u00e3o deste jornal com o mesmo t\u00edtulo ou assunto na data em que aparece na p\u00e1gina apresentada na mensagem, isto \u00e9, 11 de outubro, como indicou a pr\u00f3pria Folha de S. Paulo em seu site.<\/p>\n<div class=\"ad_inline\">\n<div id=\"div-gpt-ad-1472661422739-0\" data-google-query-id=\"COWW47b_o94CFYMYAQodVWUB-Q\">\n<div id=\"google_ads_iframe_\/4493921\/ACI_D_Article_1_0__container__\"><iframe id=\"google_ads_iframe_\/4493921\/ACI_D_Article_1_0\" title=\"3rd party ad content\" name=\"google_ads_iframe_\/4493921\/ACI_D_Article_1_0\" width=\"300\" height=\"250\" frameborder=\"0\" marginwidth=\"0\" marginheight=\"0\" scrolling=\"no\" data-load-complete=\"true\" data-mce-fragment=\"1\"><\/iframe><\/div>\n<\/div>\n<\/div>\n<p>Outra mensagem nas redes sociais afirma que o pol\u00edtico assinou o Projeto de Lei (PL) 2623, de 2007, que sugeria a altera\u00e7\u00e3o do termo \u201cpadroeira do Brasil\u201d para \u201cpadroeira dos brasileiros cat\u00f3licos apost\u00f3licos romanos\u201d.<\/p>\n<p>Este projeto \u00e9 de autoria do deputado Victorio Galli, na \u00e9poca era filiado ao MDB e atualmente pertence ao PSL. Mas, o PL foi arquivado em 2008 na Comiss\u00e3o de Educa\u00e7\u00e3o e Cultura da C\u00e2mara dos Deputados.<\/p>\n<p>Al\u00e9m disso, como assinala a pr\u00f3pria Folha de S. Paulo, este projeto n\u00e3o poder\u00e1 ser desarquivado no pr\u00f3ximo ano, porque o seu autor, o deputado Victorio Galli, n\u00e3o foi reeleito.<\/p>\n<p>Por sua vez, nesta semana, em entrevista ao \u2018Ter\u00e7a Livre\u2019, Bolsonaro indicou ser uma acusa\u00e7\u00e3o sem cabimento a de que ele quer \u201ctirar Nossa Senhora Aparecida como sendo padroeira do Brasil, devido \u00e0 cor de sua pele\u201d.<\/p>\n<p>Nossa Senhora da Concei\u00e7\u00e3o Aparecida foi proclamada padroeira do Brasil por decreto do Papa Pio XI, assinado em 16 de julho de 1930. Anos mais tarde, em 30 de junho de 1980, o ent\u00e3o presidente do Brasil Jo\u00e3o Figueiredo sancionou a Lei N\u00ba 6.802, que \u201cdeclara feriado nacional o dia 12 de outubro, consagrado a Nossa Senhora Aparecida, padroeira do Brasil\u201d.<\/p>\n<p>Por ocasi\u00e3o do segundo turno eleitoral, os dois candidatos \u00e0 Presid\u00eancia do Brasil, Jair Bolsonaro (PSL) e Fernando Haddad (PT), declararam compromisso com quest\u00f5es defendidas pela Igreja, em encontros com lideran\u00e7as eclesi\u00e1sticas, bem como defenderam a liberdade religiosa.<\/p>\n<p>Por sua vez, a Confer\u00eancia Nacional dos <a href=\"https:\/\/www.acidigital.com\/igreja\/bispos.htm\">Bispos<\/a> do Brasil (CNBB) declarou recentemente \u00e0 <a href=\"https:\/\/www.acidigital.com\">ACI<\/a> Digital que \u201cn\u00e3o apoia nenhuma candidatura ou partido pol\u00edtico\u201d.<\/p>\n<p>Em nota, tamb\u00e9m refor\u00e7ou que \u201ccabe \u00e0 popula\u00e7\u00e3o julgar, na liberdade de sua consci\u00eancia, o projeto que melhor responda aos princ\u00edpios do bem comum, da dignidade da pessoa humana, do combate \u00e0 sonega\u00e7\u00e3o e \u00e0 corrup\u00e7\u00e3o, do respeito \u00e0s institui\u00e7\u00f5es do Estado democr\u00e1tico de direito e da observ\u00e2ncia da Constitui\u00e7\u00e3o Federal\u201d.<\/p>\n","protected":false},"excerpt":{"rendered":"<p>Neste m\u00eas de outubro, quando a Igreja celebrou a padroeira do Brasil, Nossa Senhora Aparecida, come\u00e7ou a circular nas redes sociais a informa\u00e7\u00e3o de que um dos candidatos \u00e0 Presid\u00eancia do Brasil, Jair Bolsonaro (PSL), iria mudar a representa\u00e7\u00e3o da Virgem Aparecida e apoiaria um projeto de lei que tiraria Dela o t\u00edtulo de padroeira [&hellip;]<\/p>\n","protected":false},"author":1,"featured_media":44869,"comment_status":"open","ping_status":"closed","sticky":false,"template":"","format":"standard","meta":{"footnotes":""},"categories":[13],"tags":[],"class_list":["post-44868","post","type-post","status-publish","format-standard","has-post-thumbnail","hentry","category-featured"],"_links":{"self":[{"href":"https:\/\/catolicanet.net\/wp-cnet\/wp-json\/wp\/v2\/posts\/44868","targetHints":{"allow":["GET"]}}],"collection":[{"href":"https:\/\/catolicanet.net\/wp-cnet\/wp-json\/wp\/v2\/posts"}],"about":[{"href":"https:\/\/catolicanet.net\/wp-cnet\/wp-json\/wp\/v2\/types\/post"}],"author":[{"embeddable":true,"href":"https:\/\/catolicanet.net\/wp-cnet\/wp-json\/wp\/v2\/users\/1"}],"replies":[{"embeddable":true,"href":"https:\/\/catolicanet.net\/wp-cnet\/wp-json\/wp\/v2\/comments?post=44868"}],"version-history":[{"count":1,"href":"https:\/\/catolicanet.net\/wp-cnet\/wp-json\/wp\/v2\/posts\/44868\/revisions"}],"predecessor-version":[{"id":44870,"href":"https:\/\/catolicanet.net\/wp-cnet\/wp-json\/wp\/v2\/posts\/44868\/revisions\/44870"}],"wp:featuredmedia":[{"embeddable":true,"href":"https:\/\/catolicanet.net\/wp-cnet\/wp-json\/wp\/v2\/media\/44869"}],"wp:attachment":[{"href":"https:\/\/catolicanet.net\/wp-cnet\/wp-json\/wp\/v2\/media?parent=44868"}],"wp:term":[{"taxonomy":"category","embeddable":true,"href":"https:\/\/catolicanet.net\/wp-cnet\/wp-json\/wp\/v2\/categories?post=44868"},{"taxonomy":"post_tag","embeddable":true,"href":"https:\/\/catolicanet.net\/wp-cnet\/wp-json\/wp\/v2\/tags?post=44868"}],"curies":[{"name":"wp","href":"https:\/\/api.w.org\/{rel}","templated":true}]}}