{"id":4480,"date":"2014-04-14T13:33:09","date_gmt":"2014-04-14T16:33:09","guid":{"rendered":"http:\/\/catolicanet.net\/wp-cnet\/viver-a-autenticidade-de-nosso-batismo\/"},"modified":"2017-04-05T10:40:55","modified_gmt":"2017-04-05T13:40:55","slug":"viver-a-autenticidade-de-nosso-batismo","status":"publish","type":"post","link":"https:\/\/catolicanet.net\/wp-cnet\/viver-a-autenticidade-de-nosso-batismo\/","title":{"rendered":"Viver a autenticidade de nosso batismo!"},"content":{"rendered":"<p style=\"text-align: justify;\">\n<p>A Quaresma deste ano, que iremos encerrar na pr\u00f3xima quarta-feira, nos prop\u00f4s uma s\u00e9ria e oportuna reflex\u00e3o acerca do nosso batismo e das consequ\u00eancias que Jesus solicita de quem pede o Batismo para o Seu Divino ensinamento neste mundo t\u00e3o plural e contradit\u00f3rio em que vivemos.<br \/> Muitos ficam preocupados em apenas batizarem os seus filhos, para que fiquem livres da culpa original do pecado cometido por Ad\u00e3o e Eva e que atingiram todo o g\u00eanero humano.<br \/> Mais o batismo \u00e9 mais do que ficar livre do pecado original. O batismo nos torna herdeiros da vida divina, da vida futura do c\u00e9u, e como isso a veste branca e a vela, que representa o Cristo, que carregamos no batismo \u00e9 o doce convite para que seja carregado por toda a vida.<br \/> Quem \u00e9 batizado tem uma \u00fanica meta: viver a santidade. E a santidade \u00e9 o caminho para entrar no c\u00e9u. Ser santo n\u00e3o \u00e9 ser fora de moda. Ser santo \u00e9 depositar a sua confian\u00e7a unicamente em Deus. E se tivermos ca\u00eddo no pecado n\u00e3o tenhamos vergonha de nos aproximar da confiss\u00e3o auricular, fazendo um bom exame de consci\u00eancia, declinando pecado por pecado que tenha por ventura cometido, e pedindo a absolvi\u00e7\u00e3o para que possa, restaurado e renovado pela gra\u00e7a santificante, viver a santidade.<br \/> O quinto domingo da Quaresma, o Evangelista narra a ressurei\u00e7\u00e3o de L\u00e1zaro, amigo de Jesus. \u00c9 o s\u00e9timo e \u00faltimo sinal que precede a morte e a ressurrei\u00e7\u00e3o de Nosso Senhor Jesus Cristo. O Evangelho apresenta Jesus como portador da esperan\u00e7a que vem em socorro do povo desesperado. L\u00e1zaro, morto h\u00e1 quatro dias, \u00e9 chorado pelos seus parentes e amigos. Mas \u00e9 Jesus que consola Marta e Maria, chora por encontrar o amigo morto e o faz voltar \u00e0 vida, ordenando que tirem dele as amarras para que possa caminhar.\u00a0\u00a0\u00a0\u00a0\u00a0 <br \/> Nossa vida \u00e9 um caminho permanente na busca da santidade para chegar a Deus. E a santidade se vive no cotidiano, no dia a dia, ajudando a Jesus a fazer a sua miss\u00e3o de resgatar a vida das pessoas e tirar delas as amarras da injusti\u00e7a que oprime para que pudessem voltar para a sociedade. <br \/> Vivemos muitas desilus\u00f5es: o povo parece anestesiado pelo t\u00famulo da desilus\u00e3o que o impede de ver o rosto de Deus. Vemos tantas manifesta\u00e7\u00f5es de dor, tristeza, luta, \u00f3dio, desesperando, desprezo pela vida, persegui\u00e7\u00f5es. Cristo nos chama, como batizados, para a liberdade para anuncia-lo e testemunhar a brancura da santidade que Ele nos concede no batismo. Bom final de quaresma e boa confiss\u00e3o.<\/p>\n","protected":false},"excerpt":{"rendered":"<p>A Quaresma deste ano, que iremos encerrar na pr\u00f3xima quarta-feira, nos prop\u00f4s uma s\u00e9ria e oportuna reflex\u00e3o acerca do nosso batismo e das consequ\u00eancias que Jesus solicita de quem pede o Batismo para o Seu Divino ensinamento neste mundo t\u00e3o plural e contradit\u00f3rio em que vivemos. Muitos ficam preocupados em apenas batizarem os seus filhos, [&hellip;]<\/p>\n","protected":false},"author":10,"featured_media":0,"comment_status":"closed","ping_status":"closed","sticky":false,"template":"","format":"standard","meta":{"footnotes":""},"categories":[9],"tags":[],"class_list":["post-4480","post","type-post","status-publish","format-standard","hentry","category-artigos"],"_links":{"self":[{"href":"https:\/\/catolicanet.net\/wp-cnet\/wp-json\/wp\/v2\/posts\/4480","targetHints":{"allow":["GET"]}}],"collection":[{"href":"https:\/\/catolicanet.net\/wp-cnet\/wp-json\/wp\/v2\/posts"}],"about":[{"href":"https:\/\/catolicanet.net\/wp-cnet\/wp-json\/wp\/v2\/types\/post"}],"author":[{"embeddable":true,"href":"https:\/\/catolicanet.net\/wp-cnet\/wp-json\/wp\/v2\/users\/10"}],"replies":[{"embeddable":true,"href":"https:\/\/catolicanet.net\/wp-cnet\/wp-json\/wp\/v2\/comments?post=4480"}],"version-history":[{"count":1,"href":"https:\/\/catolicanet.net\/wp-cnet\/wp-json\/wp\/v2\/posts\/4480\/revisions"}],"predecessor-version":[{"id":9376,"href":"https:\/\/catolicanet.net\/wp-cnet\/wp-json\/wp\/v2\/posts\/4480\/revisions\/9376"}],"wp:attachment":[{"href":"https:\/\/catolicanet.net\/wp-cnet\/wp-json\/wp\/v2\/media?parent=4480"}],"wp:term":[{"taxonomy":"category","embeddable":true,"href":"https:\/\/catolicanet.net\/wp-cnet\/wp-json\/wp\/v2\/categories?post=4480"},{"taxonomy":"post_tag","embeddable":true,"href":"https:\/\/catolicanet.net\/wp-cnet\/wp-json\/wp\/v2\/tags?post=4480"}],"curies":[{"name":"wp","href":"https:\/\/api.w.org\/{rel}","templated":true}]}}