{"id":4479,"date":"2014-04-14T13:31:32","date_gmt":"2014-04-14T16:31:32","guid":{"rendered":"http:\/\/catolicanet.net\/wp-cnet\/ter-os-mesmos-sentimentos-de-cristo\/"},"modified":"2017-04-05T10:39:52","modified_gmt":"2017-04-05T13:39:52","slug":"ter-os-mesmos-sentimentos-de-cristo","status":"publish","type":"post","link":"https:\/\/catolicanet.net\/wp-cnet\/ter-os-mesmos-sentimentos-de-cristo\/","title":{"rendered":"Ter os mesmos sentimentos de Cristo!"},"content":{"rendered":"<p style=\"text-align: justify;\">\n<p>Iniciamos a Semana Santa. Logo de manh\u00e3 hoje tive a alegria de benzer os ramos e celebrar a Santa Eucaristia e lembrar que a solenidade de hoje \u00e9 feita de dois momentos: o primeiro de alegria em que os judeus levantavam os ramos de oliveira e saudavam a Jesus, esse foi o seu triunfo.<br \/>Mais o segundo momento \u00e9 dram\u00e1tico: \u00e9 a Paix\u00e3o e Morte de Nosso Senhor Jesus Cristo. Foi gra\u00e7as a um beijo de Judas, que vendeu o Messias por trinta moedas de prata, o Redentor, tendo recebido as cusparadas, que Jesus foi levado diante de P\u00f4ncio Pilatos. O Governador Romano, surpreendido pela reprimenda de sua mulher, que n\u00e3o queria que Jesus fosse condenado, num ritual de demonstrar que Aquele Homem era um INOCENTE, lavou as suas m\u00e3os diante dos sumos sacerdotes e da multid\u00e3o que preferiu que o \u201csangue deste homem fosse derramado sobre eles e sobre os seus descendentes\u201d.<br \/>O sofrimento da paix\u00e3o de Jesus encerra todo o amor de Deus, do pecado do homem, da salva\u00e7\u00e3o que Jesus nos mereceu. Na cena da paix\u00e3o todo o mal que se faz sobre a terra de certa forma \u00e9 condensado naqueles tr\u00e1gicos momentos, na viol\u00eancia, na mentira, na inveja, na trai\u00e7\u00e3o do disc\u00edpulo, da sede de poder, e aqui se inclui o poder sacerdotal de ontem e de hoje, de mando, de destrui\u00e7\u00e3o, de inv\u00eddia, a vileza, a adula\u00e7\u00e3o aos poderosos e sonegadores de impostos, a maldade, o \u00f3dio, o desprezo da dignidade humana, as insinua\u00e7\u00f5es, e tudo o que \u00e9 express\u00e3o da maldade humana e da inveja que levaram Jesus para o Calv\u00e1rio e que continuam se repetindo nesta sociedade que perdeu o sentido de Deus e do pecado.<br \/>Muitos que aclamar\u00e3o Jesus foram os mesmos que gritaram posteriormente: Crucifica-o, crucifica-o!<br \/>O medo e o pecado de Pedro e Judas se sucedem ainda hoje em nossas caminhadas. O amor de Deus manifestado na Cruz \u00e9 a nossa salva\u00e7\u00e3o. Vamos viver esta Semana Santa sem fingimentos. Vamos acabar com as situa\u00e7\u00f5es de rir na frente e atacar por detr\u00e1s. Vamos parar de querer ser o centro do mundo. Vamos obedecer antes a Deus do que aos falsos \u00eddolos e autoridades que se imp\u00f5em somente pelo paramento ou pela viol\u00eancia do arb\u00edtrio, para esconder os seus pecados.<br \/>Tenhamos somente, todos, os sentimentos de Cristo para podermos subir com Ele o Calv\u00e1rio e Ressuscitar na Vig\u00edlia Pascal.<\/p>\n","protected":false},"excerpt":{"rendered":"<p>Iniciamos a Semana Santa. Logo de manh\u00e3 hoje tive a alegria de benzer os ramos e celebrar a Santa Eucaristia e lembrar que a solenidade de hoje \u00e9 feita de dois momentos: o primeiro de alegria em que os judeus levantavam os ramos de oliveira e saudavam a Jesus, esse foi o seu triunfo.Mais o [&hellip;]<\/p>\n","protected":false},"author":10,"featured_media":0,"comment_status":"closed","ping_status":"closed","sticky":false,"template":"","format":"standard","meta":{"footnotes":""},"categories":[9],"tags":[],"class_list":["post-4479","post","type-post","status-publish","format-standard","hentry","category-artigos"],"_links":{"self":[{"href":"https:\/\/catolicanet.net\/wp-cnet\/wp-json\/wp\/v2\/posts\/4479","targetHints":{"allow":["GET"]}}],"collection":[{"href":"https:\/\/catolicanet.net\/wp-cnet\/wp-json\/wp\/v2\/posts"}],"about":[{"href":"https:\/\/catolicanet.net\/wp-cnet\/wp-json\/wp\/v2\/types\/post"}],"author":[{"embeddable":true,"href":"https:\/\/catolicanet.net\/wp-cnet\/wp-json\/wp\/v2\/users\/10"}],"replies":[{"embeddable":true,"href":"https:\/\/catolicanet.net\/wp-cnet\/wp-json\/wp\/v2\/comments?post=4479"}],"version-history":[{"count":1,"href":"https:\/\/catolicanet.net\/wp-cnet\/wp-json\/wp\/v2\/posts\/4479\/revisions"}],"predecessor-version":[{"id":9375,"href":"https:\/\/catolicanet.net\/wp-cnet\/wp-json\/wp\/v2\/posts\/4479\/revisions\/9375"}],"wp:attachment":[{"href":"https:\/\/catolicanet.net\/wp-cnet\/wp-json\/wp\/v2\/media?parent=4479"}],"wp:term":[{"taxonomy":"category","embeddable":true,"href":"https:\/\/catolicanet.net\/wp-cnet\/wp-json\/wp\/v2\/categories?post=4479"},{"taxonomy":"post_tag","embeddable":true,"href":"https:\/\/catolicanet.net\/wp-cnet\/wp-json\/wp\/v2\/tags?post=4479"}],"curies":[{"name":"wp","href":"https:\/\/api.w.org\/{rel}","templated":true}]}}