{"id":44782,"date":"2018-10-24T11:03:05","date_gmt":"2018-10-24T14:03:05","guid":{"rendered":"http:\/\/catolicanet.net\/wp-cnet\/?p=44782"},"modified":"2018-10-24T11:04:12","modified_gmt":"2018-10-24T14:04:12","slug":"44782-2","status":"publish","type":"post","link":"https:\/\/catolicanet.net\/wp-cnet\/44782-2\/","title":{"rendered":"S\u00ednodo: apresentado esbo\u00e7o da Carta aos jovens de todo o mundo"},"content":{"rendered":"<div class=\"article__subTitle\">Foi apresentado nesta quarta-feira o projeto da &#8220;Carta do S\u00ednodo aos jovens de todo o mundo&#8221; e teve in\u00edcio a reflex\u00e3o sobre o projeto do Documento final, entregue ontem a os Padres sinodais. Nesta manh\u00e3, 24 de outubro, a 19\u00aa Congrega\u00e7\u00e3o Geral viu \u00e0 apresenta\u00e7\u00e3o das primeiras propostas de acr\u00e9scimos e altera\u00e7\u00f5es aos dois textos.<\/div>\n<div class=\"title__separator\"><\/div>\n<div class=\"article__text\">\n<p><b>Isabella Piro &#8211; Cidade do Vaticano<\/b><\/p>\n<p>Foi Dom Emmanuel Gobilliard, bispo auxiliar de Lyon, Fran\u00e7a, e membro da Comiss\u00e3o criada para este fim, a ler na Sala do S\u00ednodo \u00a0na manh\u00e3 desta quarta-feira a proposta da &#8220;Carta do S\u00ednodo aos jovens do mundo inteiro&#8221;.<\/p>\n<p>O texto, ainda provis\u00f3rio, visa interpelar cada jovem, dando a ele esperan\u00e7a e encorajamento, com a certeza de que a Igreja caminha junto dele. Portanto, expressando gratid\u00e3o aos redatores, os 253 Padres Sinodais presentes na Sala propuseram acr\u00e9scimos e emendas, \u00a0tanto ao esbo\u00e7o da Carta quanto ao projeto do Documento final, definido como harmonioso em sua estrutura.<\/p>\n<h2>Discernimento espiritual e decis\u00f5es operacionais<\/h2>\n<h2><\/h2>\n<p>A ora\u00e7\u00e3o da Hora Terceira, com uma passagem da Primeira Carta de Pedro, \u00a0abriu a 19\u00aa Congrega\u00e7\u00e3o Geral: um texto com muitas afinidades com o trabalho do S\u00ednodo, como observado por um Padre Sinodal respons\u00e1vel pela medita\u00e7\u00e3o.<\/p>\n<p>Na passagem b\u00edblica, de fato, Pedro encoraja os crist\u00e3os a fazerem o justo discernimento espiritual em vista de uma decis\u00e3o, deixando uma certa &#8220;sonol\u00eancia&#8221; em que\u00a0 parece estar hoje a Igreja.<\/p>\n<p>Disto, o chamado para abandonar o conformismo mundano, n\u00e3o deixando-se condicionar pela m\u00eddia ou pela opini\u00e3o comum, verdadeiros &#8220;bombardeamentos que impedem o discernimento&#8221;, para tomar em vez disto, &#8220;decis\u00f5es operacionais&#8221; nas Igrejas locais, porque o &#8220;S\u00ednodo mais verdadeiro tem in\u00edcio em 29 de outubro&#8221;, uma vez conclu\u00eddos os trabalhos na Sala do S\u00ednodo.<\/p>\n<p>Por fim, foi observado como a Primeira Carta de Pedro termina com uma dupla exorta\u00e7\u00e3o, aos idosos e aos jovens, exatamente como s\u00e3o os participantes da Assembleia.<\/p>\n<p>&nbsp;<\/p>\n<\/div>\n","protected":false},"excerpt":{"rendered":"<p>Foi apresentado nesta quarta-feira o projeto da &#8220;Carta do S\u00ednodo aos jovens de todo o mundo&#8221; e teve in\u00edcio a reflex\u00e3o sobre o projeto do Documento final, entregue ontem a os Padres sinodais. Nesta manh\u00e3, 24 de outubro, a 19\u00aa Congrega\u00e7\u00e3o Geral viu \u00e0 apresenta\u00e7\u00e3o das primeiras propostas de acr\u00e9scimos e altera\u00e7\u00f5es aos dois textos. [&hellip;]<\/p>\n","protected":false},"author":1,"featured_media":44783,"comment_status":"open","ping_status":"closed","sticky":false,"template":"","format":"standard","meta":{"footnotes":""},"categories":[3],"tags":[],"class_list":["post-44782","post","type-post","status-publish","format-standard","has-post-thumbnail","hentry","category-vaticano"],"_links":{"self":[{"href":"https:\/\/catolicanet.net\/wp-cnet\/wp-json\/wp\/v2\/posts\/44782","targetHints":{"allow":["GET"]}}],"collection":[{"href":"https:\/\/catolicanet.net\/wp-cnet\/wp-json\/wp\/v2\/posts"}],"about":[{"href":"https:\/\/catolicanet.net\/wp-cnet\/wp-json\/wp\/v2\/types\/post"}],"author":[{"embeddable":true,"href":"https:\/\/catolicanet.net\/wp-cnet\/wp-json\/wp\/v2\/users\/1"}],"replies":[{"embeddable":true,"href":"https:\/\/catolicanet.net\/wp-cnet\/wp-json\/wp\/v2\/comments?post=44782"}],"version-history":[{"count":2,"href":"https:\/\/catolicanet.net\/wp-cnet\/wp-json\/wp\/v2\/posts\/44782\/revisions"}],"predecessor-version":[{"id":44785,"href":"https:\/\/catolicanet.net\/wp-cnet\/wp-json\/wp\/v2\/posts\/44782\/revisions\/44785"}],"wp:featuredmedia":[{"embeddable":true,"href":"https:\/\/catolicanet.net\/wp-cnet\/wp-json\/wp\/v2\/media\/44783"}],"wp:attachment":[{"href":"https:\/\/catolicanet.net\/wp-cnet\/wp-json\/wp\/v2\/media?parent=44782"}],"wp:term":[{"taxonomy":"category","embeddable":true,"href":"https:\/\/catolicanet.net\/wp-cnet\/wp-json\/wp\/v2\/categories?post=44782"},{"taxonomy":"post_tag","embeddable":true,"href":"https:\/\/catolicanet.net\/wp-cnet\/wp-json\/wp\/v2\/tags?post=44782"}],"curies":[{"name":"wp","href":"https:\/\/api.w.org\/{rel}","templated":true}]}}