{"id":4478,"date":"2014-04-11T13:56:56","date_gmt":"2014-04-11T16:56:56","guid":{"rendered":"http:\/\/catolicanet.net\/wp-cnet\/leo-pessini-lanca-livro-de-bioetica-que-resgata-os-valores-eticos-fundamentais-que-tornam-possivel-a-vida\/"},"modified":"2017-04-05T10:39:15","modified_gmt":"2017-04-05T13:39:15","slug":"leo-pessini-lanca-livro-de-bioetica-que-resgata-os-valores-eticos-fundamentais-que-tornam-possivel-a-vida","status":"publish","type":"post","link":"https:\/\/catolicanet.net\/wp-cnet\/leo-pessini-lanca-livro-de-bioetica-que-resgata-os-valores-eticos-fundamentais-que-tornam-possivel-a-vida\/","title":{"rendered":"Leo Pessini lan\u00e7a livro de bio\u00e9tica que resgata os valores \u00e9ticos fundamentais que tornam poss\u00edvel a vida"},"content":{"rendered":"<p style=\"text-align: justify;\"><img decoding=\"async\" src=\"http:\/\/catolicanet.com.br\/images\/stories\/livroleopessini.jpg\" border=\"0\" align=\"left\" \/>Ap\u00f3s recente afirma\u00e7\u00e3o da ONU de que nosso tempo est\u00e1 se esgotando para abrandar o aquecimento global, Edi\u00e7\u00f5es Loyola lan\u00e7a o livro Bio\u00e9tica, cuidado e humaniza\u00e7\u00e3o, de autoria coletiva, e que tem como um dos organizadores o padre camiliano, te\u00f3logo, fil\u00f3sofo e biocientista Leo Pessini. A obra prop\u00f5e a conscientiza\u00e7\u00e3o do papel das atividades humanas atrav\u00e9s da responsabilidade \u00e9tica, \u00fanica garantia de existirmos no futuro e evitarmos nossa autodestrui\u00e7\u00e3o.<\/p>\n<p>A capa do livro \u00e9 ilustrada com um arranjo de flores, artisticamente talhado em madeira, com tr\u00eas tipos de nobres e apreciad\u00edssimas flores dos Alpes da Europa \u2013 a famosa Edelweiss (branco nobre), conhecida como a rainha dos Alpes e s\u00edmbolo de um amor eterno; a Alpenrosen, rosa vermelha dos Alpes; e a Enzian, vestida de azul-celeste intenso. \u201cS\u00e3o as esp\u00e9cies de flores mais lindas, por\u00e9m s\u00e3o fr\u00e1geis e requerem cuidados\u201d, ressalta Leo Pessini. Essa trindade floral da m\u00e3e natureza inspirou os autores e os organizadores para uma abordagem discursiva e reflexiva da trindade tem\u00e1tica, ou seja, valores relacionados com a bio\u00e9tica (sabedoria em pensar e agir), o cuidado (sensibilidade respeitosa) e a humaniza\u00e7\u00e3o (prote\u00e7\u00e3o e respeito pelo outro que se tornou vulner\u00e1vel devido ao sofrimento, pela vida dos seres vivos em geral e pelo planeta).<\/p>\n<p>O planeta Terra pede socorro. \u201cSim, esta \u00e9 a hora dram\u00e1tica do resgate, no substrato mais profundo de nossa humanidade, dos valores \u00e9ticos fundamentais que tornam poss\u00edvel a vida, a conviv\u00eancia respeitosa e harmoniosa, n\u00e3o beligerante com o diferente de n\u00f3s (\u201cestranhos morais\u201d), e um futuro de esperan\u00e7a para a humanidade\u201d, revela o biocientista. \u201cO cuidado humanizado, como responsabilidade \u00e9tica assumida por todos, \u00e9 a \u00fanica garantia de existirmos no futuro e evitarmos nossa autodestrui\u00e7\u00e3o. \u00c9 urgente que nos reencantemos pela arte de cuidar! \u00c9 dentro deste horizonte de valores que nos situamos ao conceber esta obra coletiva.\u201d<\/p>\n<p>Bio\u00e9tica, cuidado e humaniza\u00e7\u00e3o \u00e9 uma publica\u00e7\u00e3o comemorativa ao ano jubilar pelos 400 anos da morte de S\u00e3o Camilo de Lellis. Conta com a colabora\u00e7\u00e3o multidisciplinar de autores nacionais e internacionais, consagrados nas suas respectivas \u00e1reas de cuidado especializado, no contexto da sa\u00fade e da reflex\u00e3o \u00e9tica e bio\u00e9tica mundial. Completa uma trilogia que os autores\/organizadores iniciaram com a publica\u00e7\u00e3o em 2004 do livro pioneiro em terras brasileiras, Humaniza\u00e7\u00e3o e cuidados paliativos (Edi\u00e7\u00f5es Loyola e Editora do Centro Univ. S\u00e3o Camilo \u2013 agora em 6\u00aa edi\u00e7\u00e3o, 2014).<\/p>\n<p>Esta obra articula-se em quatro momentos marcantes de reflex\u00e3o. Os tr\u00eas primeiros referem-se \u00e0s tr\u00eas quest\u00f5es j\u00e1 sugeridas pelo t\u00edtulo \u2013 Bio\u00e9tica, cuidado e humaniza\u00e7\u00e3o. O quarto momento apresenta tributos de gratid\u00e3o, em que s\u00e3o colocados em destaque alguns her\u00f3is do cuidado da vida humana e c\u00f3smico-ecol\u00f3gica. Esteticamente, apresentamos o conte\u00fado do projeto editorial em tr\u00eas volumes: Volume I \u2013 Bio\u00e9tica: das origens \u00e0 contemporaneidade (Parte I); Volume II \u2013 Sobre o cuidado respeitoso (Parte II); e Volume III \u2013 Humaniza\u00e7\u00e3o dos cuidados de sa\u00fade e tributos de gratid\u00e3o (Parte III).<\/p>\n<p>O<strong>s livros de Edi\u00e7\u00f5es Loyola podem ser adquiridos pelo site .<\/strong><\/p>\n<p><strong>Sobre os organizadores:<\/strong><\/p>\n<p>Leo Pessini: Camiliano, doutor em Teologia Moral\/Bio\u00e9tica e professor do programa de p\u00f3s-gradua\u00e7\u00e3o em Bio\u00e9tica (Mestrado e Doutorado) do Centro Universit\u00e1rio S\u00e3o Camilo (SP), \u00e9 autor e organizador de in\u00fameras obras no \u00e2mbito da Bio\u00e9tica e Humaniza\u00e7\u00e3o da Sa\u00fade e coorganizador do livro Humaniza\u00e7\u00e3o e cuidados paliativos (Edi\u00e7\u00f5es Loyola, 6\u00aa ed., 2014), entre outros. \u00c9 tamb\u00e9m editor dos peri\u00f3dicos cient\u00edficos O mundo da sa\u00fade e Revista Bioethikos e, atualmente, superintendente da Uni\u00e3o Camiliana e vice-reitor do Centro Universit\u00e1rio S\u00e3o Camilo.<\/p>\n<p>Luciana Bertachini: Doutoranda em Bio\u00e9tica pelo Centro Universit\u00e1rio S\u00e3o Camilo (SP), \u00e9 fonoaudi\u00f3loga e mestre em Dist\u00farbios da Comunica\u00e7\u00e3o Humana pela UNIFESP-EPM. \u00c9 tamb\u00e9m autora de obras na \u00e1rea de Comunica\u00e7\u00e3o e Humaniza\u00e7\u00e3o dos Cuidados em Sa\u00fade e coorganizadora do livro Humaniza\u00e7\u00e3o e cuidados paliativos (Edi\u00e7\u00f5es Loyola, 6\u00aa ed., 2014), entre outros. <\/p>\n<p>Christian de P. de Barchifontaine: Superintendente da Uni\u00e3o Social Camiliana, Mantenedora do Centro Universit\u00e1rio S\u00e3o Camilo (SP), e enfermeiro, \u00e9 doutor em Enfermagem pela Universidade Cat\u00f3lica Portuguesa (Lisboa, Portugal). \u00c9 tamb\u00e9m professor do programa de p\u00f3s-gradua\u00e7\u00e3o em Bio\u00e9tica (Mestrado e Doutorado) do Centro Universit\u00e1rio S\u00e3o Camilo (SP) e coautor do livro Problemas atuais de bio\u00e9tica (Edi\u00e7\u00f5es Loyola, 10\u00aa ed., 2013), entre outros.<\/p>\n<p><strong>Servi\u00e7o:<\/strong><br \/>T\u00edtulo: Bio\u00e9tica, cuidado e humaniza\u00e7\u00e3o<br \/>Organizadores: Leo Pessini, Luciana Bertachini e Christian de P. de Barchifontaine<br \/>Formato: 17 x 24 cm<br \/>N\u00famero de p\u00e1ginas: 768<br \/>Pre\u00e7o: R$ 125,00<\/p>\n<p>Assessoria de Imprensa de Edi\u00e7\u00f5es Loyola: <\/p>\n<p>  v\\:* {behavior:url(#default#VML);} o\\:* {behavior:url(#default#VML);} w\\:* {behavior:url(#default#VML);} .shape {behavior:url(#default#VML);}  <\/p>\n","protected":false},"excerpt":{"rendered":"<p>Ap\u00f3s recente afirma\u00e7\u00e3o da ONU de que nosso tempo est\u00e1 se esgotando para abrandar o aquecimento global, Edi\u00e7\u00f5es Loyola lan\u00e7a o livro Bio\u00e9tica, cuidado e humaniza\u00e7\u00e3o, de autoria coletiva, e que tem como um dos organizadores o padre camiliano, te\u00f3logo, fil\u00f3sofo e biocientista Leo Pessini. A obra prop\u00f5e a conscientiza\u00e7\u00e3o do papel das atividades humanas [&hellip;]<\/p>\n","protected":false},"author":1,"featured_media":0,"comment_status":"closed","ping_status":"closed","sticky":false,"template":"","format":"standard","meta":{"footnotes":""},"categories":[4],"tags":[],"class_list":["post-4478","post","type-post","status-publish","format-standard","hentry","category-cotidiano"],"_links":{"self":[{"href":"https:\/\/catolicanet.net\/wp-cnet\/wp-json\/wp\/v2\/posts\/4478","targetHints":{"allow":["GET"]}}],"collection":[{"href":"https:\/\/catolicanet.net\/wp-cnet\/wp-json\/wp\/v2\/posts"}],"about":[{"href":"https:\/\/catolicanet.net\/wp-cnet\/wp-json\/wp\/v2\/types\/post"}],"author":[{"embeddable":true,"href":"https:\/\/catolicanet.net\/wp-cnet\/wp-json\/wp\/v2\/users\/1"}],"replies":[{"embeddable":true,"href":"https:\/\/catolicanet.net\/wp-cnet\/wp-json\/wp\/v2\/comments?post=4478"}],"version-history":[{"count":1,"href":"https:\/\/catolicanet.net\/wp-cnet\/wp-json\/wp\/v2\/posts\/4478\/revisions"}],"predecessor-version":[{"id":9374,"href":"https:\/\/catolicanet.net\/wp-cnet\/wp-json\/wp\/v2\/posts\/4478\/revisions\/9374"}],"wp:attachment":[{"href":"https:\/\/catolicanet.net\/wp-cnet\/wp-json\/wp\/v2\/media?parent=4478"}],"wp:term":[{"taxonomy":"category","embeddable":true,"href":"https:\/\/catolicanet.net\/wp-cnet\/wp-json\/wp\/v2\/categories?post=4478"},{"taxonomy":"post_tag","embeddable":true,"href":"https:\/\/catolicanet.net\/wp-cnet\/wp-json\/wp\/v2\/tags?post=4478"}],"curies":[{"name":"wp","href":"https:\/\/api.w.org\/{rel}","templated":true}]}}