{"id":44689,"date":"2018-10-22T15:37:36","date_gmt":"2018-10-22T18:37:36","guid":{"rendered":"http:\/\/catolicanet.net\/wp-cnet\/?p=44689"},"modified":"2018-10-22T15:42:03","modified_gmt":"2018-10-22T18:42:03","slug":"jovens-do-iraque-agradecem-ao-papa-com-um-video","status":"publish","type":"post","link":"https:\/\/catolicanet.net\/wp-cnet\/jovens-do-iraque-agradecem-ao-papa-com-um-video\/","title":{"rendered":"Jovens do Iraque agradecem ao Papa com um v\u00eddeo"},"content":{"rendered":"<div>\n<p><iframe loading=\"lazy\" width=\"696\" height=\"392\" src=\"https:\/\/www.youtube.com\/embed\/7tjSQkAgF9g?feature=oembed\" frameborder=\"0\" allow=\"autoplay; encrypted-media\" allowfullscreen><\/iframe><\/p>\n<\/div>\n<div><\/div>\n<div class=\"article__subTitle\">O agradecimento dos jovens iraquianos pelas palavras que o PapaFrancisco lhes dirigiu atrav\u00e9s do auditor do S\u00ednodo para os Jovens, Safa Al Abbia. Ele teve que voltar antes ao seu pa\u00eds e saudou pessoalmente o Papa antes de sua partida<\/div>\n<div class=\"title__separator\"><\/div>\n<div class=\"article__text\">\n<p><b>Cidade do Vaticano<\/b><\/p>\n<p>No dia 13 de outubro, na Casa Marta, em um clima particularmente afetuoso, Papa Francisco recebeu o jovem iraquiano, Safa Al Abbia, auditor no S\u00ednodo sobre os jovens. Safa tinha que voltar ao seu pa\u00eds pois sua m\u00e3e est\u00e1 muito doente, mas antes de partir quis agradecer e saudar o Papa.<\/p>\n<h2><b>A b\u00ean\u00e7\u00e3o do Papa a todos os jovens do Iraque<\/b><\/h2>\n<p>Francisco logo concordou e no final do encontro, ao desejar-lhe uma boa viagem, entregou-lhe um ros\u00e1rio para levar \u00e0 sua m\u00e3e doente. Na ocasi\u00e3o dirigiu algumas palavras de encorajamento a todos os jovens do Iraque recomendando-lhes que sigam adiante sem se desencorajar, olhando com confian\u00e7a para o futuro e confiando sempre no Senhor. Enfim o Papa garantiu suas ora\u00e7\u00f5es e a sua b\u00ean\u00e7\u00e3o para todos os jovens e as jovens do Iraque.<\/p>\n<h2><b>A gratid\u00e3o dos jovens<\/b><\/h2>\n<p>Logo que chegou ao seu pa\u00eds, Safa Al Abbia divulgou a mensagem do Papa aos jovens da Igreja no Iraque. Ent\u00e3o Safa teve a ideia de responder em v\u00e1rias l\u00ednguas, atrav\u00e9s de um v\u00eddeo dirigido ao Santo Padre. Junto com Dom Shlemon Warduni, bispo auxiliar de Bagd\u00e1, os jovens agradecem e se comprometem em rezar para Francisco e garantem sua unidade com toda a Igreja.<\/p>\n<div>\n<div class=\"article__embed article__embed--unwrap article__embed--dark\">\n<div class=\"article__innerTitle\">Ou\u00e7a e compartilhe<\/div>\n<div>\n<!--[if lt IE 9]><script>document.createElement('audio');<\/script><![endif]-->\n<audio class=\"wp-audio-shortcode\" id=\"audio-44689-1\" preload=\"none\" style=\"width: 100%;\" controls=\"controls\"><source type=\"audio\/mpeg\" src=\"https:\/\/media.vaticannews.va\/media\/audio\/s1\/2018\/10\/22\/15\/134682084_F134682084.mp3?_=1\" \/><a href=\"https:\/\/media.vaticannews.va\/media\/audio\/s1\/2018\/10\/22\/15\/134682084_F134682084.mp3\">https:\/\/media.vaticannews.va\/media\/audio\/s1\/2018\/10\/22\/15\/134682084_F134682084.mp3<\/a><\/audio>\n<\/div>\n<\/div>\n<\/div>\n<\/div>\n","protected":false},"excerpt":{"rendered":"<p>O agradecimento dos jovens iraquianos pelas palavras que o PapaFrancisco lhes dirigiu atrav\u00e9s do auditor do S\u00ednodo para os Jovens, Safa Al Abbia. Ele teve que voltar antes ao seu pa\u00eds e saudou pessoalmente o Papa antes de sua partida Cidade do Vaticano No dia 13 de outubro, na Casa Marta, em um clima particularmente [&hellip;]<\/p>\n","protected":false},"author":1,"featured_media":44690,"comment_status":"open","ping_status":"closed","sticky":false,"template":"","format":"standard","meta":{"footnotes":""},"categories":[3],"tags":[],"class_list":["post-44689","post","type-post","status-publish","format-standard","has-post-thumbnail","hentry","category-vaticano"],"_links":{"self":[{"href":"https:\/\/catolicanet.net\/wp-cnet\/wp-json\/wp\/v2\/posts\/44689","targetHints":{"allow":["GET"]}}],"collection":[{"href":"https:\/\/catolicanet.net\/wp-cnet\/wp-json\/wp\/v2\/posts"}],"about":[{"href":"https:\/\/catolicanet.net\/wp-cnet\/wp-json\/wp\/v2\/types\/post"}],"author":[{"embeddable":true,"href":"https:\/\/catolicanet.net\/wp-cnet\/wp-json\/wp\/v2\/users\/1"}],"replies":[{"embeddable":true,"href":"https:\/\/catolicanet.net\/wp-cnet\/wp-json\/wp\/v2\/comments?post=44689"}],"version-history":[{"count":3,"href":"https:\/\/catolicanet.net\/wp-cnet\/wp-json\/wp\/v2\/posts\/44689\/revisions"}],"predecessor-version":[{"id":44693,"href":"https:\/\/catolicanet.net\/wp-cnet\/wp-json\/wp\/v2\/posts\/44689\/revisions\/44693"}],"wp:featuredmedia":[{"embeddable":true,"href":"https:\/\/catolicanet.net\/wp-cnet\/wp-json\/wp\/v2\/media\/44690"}],"wp:attachment":[{"href":"https:\/\/catolicanet.net\/wp-cnet\/wp-json\/wp\/v2\/media?parent=44689"}],"wp:term":[{"taxonomy":"category","embeddable":true,"href":"https:\/\/catolicanet.net\/wp-cnet\/wp-json\/wp\/v2\/categories?post=44689"},{"taxonomy":"post_tag","embeddable":true,"href":"https:\/\/catolicanet.net\/wp-cnet\/wp-json\/wp\/v2\/tags?post=44689"}],"curies":[{"name":"wp","href":"https:\/\/api.w.org\/{rel}","templated":true}]}}