{"id":4468,"date":"2014-04-07T03:00:00","date_gmt":"2014-04-07T06:00:00","guid":{"rendered":"http:\/\/catolicanet.net\/wp-cnet\/sinais-de-alerta\/"},"modified":"2017-04-05T10:19:20","modified_gmt":"2017-04-05T13:19:20","slug":"sinais-de-alerta","status":"publish","type":"post","link":"https:\/\/catolicanet.net\/wp-cnet\/sinais-de-alerta\/","title":{"rendered":"Sinais de alerta"},"content":{"rendered":"<p style=\"text-align: justify;\"> Uma grande aliada do organismo humano \u00e9 a febre. Quando atinge o vermelho do term\u00f4metro \u00e9 sinal de que algo n\u00e3o est\u00e1 bem em nosso corpo. Um aviso amigo. Da mesma forma, feridas mal cicatrizadas ou varia\u00e7\u00f5es da press\u00e3o arterial. S\u00e3o instrumentos que temos para diagnosticar um problema maior. Assim tamb\u00e9m com nosso mundo exterior. Se os fatos que nos chegam e as perspectivas que temos apontam sempre para situa\u00e7\u00f5es negativas \u00e9 porque a hora exige mudan\u00e7as, provid\u00eancias urgentes.<br \/> O notici\u00e1rio do mundo est\u00e1 febril. Quando um estudo cient\u00edfico tra\u00e7a dados nada animadores sobre o aquecimento global, com previs\u00f5es catastr\u00f3ficas para os pr\u00f3ximos cinquenta anos; quando governos totalit\u00e1rios usurpam o poder e exigem de seus povos a submiss\u00e3o a tudo \u2013 at\u00e9 ao corte de cabelo padronizado, \u00e0 semelhan\u00e7a do seu suposto \u201cl\u00edder\u201d; quando leis amorda\u00e7am e censuram meios de comunica\u00e7\u00e3o com o intuito absurdo de preservar poderes; quando crist\u00e3os s\u00e3o mortos aos milhares em pa\u00edses que gritam o nome de Al\u00e1; quando a fome faz crescer o n\u00famero de suas v\u00edtimas, enquanto a obesidade cresce e se torna problema de sa\u00fade p\u00fablica em pa\u00edses que se dizem desenvolvidos; quando a dignidade do ser humano vale menos que a preserva\u00e7\u00e3o de outras esp\u00e9cies&#8230; (um cachorro \u00e9 melhor cuidado que muitas crian\u00e7as), enfim, quando tudo isso vemos acontecer e continuamos indiferentes, fechados em nosso mundinho, passivos, alheios, um c\u00e2ncer sem propor\u00e7\u00f5es ronda a humanidade. <br \/> A turma do oba oba nada disso enxerga. Mas o alerta est\u00e1 dado. A sirene do bom senso e da racionalidade coletiva nos obriga a procurar outros caminhos. N\u00e3o h\u00e1 como continuar nesta estrada sem volta, se ainda nos resta um m\u00ednimo de amor pr\u00f3prio e respeito \u00e0s gera\u00e7\u00f5es que nos suceder\u00e3o. Nossos filhos e netos merecem um mundo melhor. S\u00f3 Deus poder\u00e1 ampar\u00e1-los. Deus, por\u00e9m, n\u00e3o age sozinho; depende de n\u00f3s. N\u00e3o falo de um credo em especial, mas da cren\u00e7a humana num poder maior, que transforma o conceito da justi\u00e7a, da solidariedade, da corresponsabilidade humana com seus pares, seu mundo. O Dia do Planeta Terra a\u00ed est\u00e1. O estrago est\u00e1 feito, mas ainda h\u00e1 tempo. O primeiro passo \u00e9 assumirmos nossos pr\u00f3prios erros, as faltas da neglig\u00eancia coletiva, o desrespeito humano em todos os n\u00edveis: sociais, individuais, pol\u00edticos e ecol\u00f3gicos. <br \/> Os pecados humanos impedem sua felicidade. \u201cVamos como cegos apalpando o muro&#8230; Em pleno dia trope\u00e7amos como ao crep\u00fasculo&#8230; Esperamos o direito, mas em v\u00e3o&#8230; Porque nossas faltas s\u00e3o in\u00fameras&#8230; temos consci\u00eancia de nossos crimes, e conhecemos nossas iniquidades&#8230; n\u00f3s nos afastamos de nosso Deus; s\u00f3 temos falado de opress\u00e3o e de revolta&#8230; O direito \u00e9 posto de lado, a justi\u00e7a se mant\u00eam afastada\u201d (Is 59, 10&#8230;14). Se, j\u00e1 num passado t\u00e3o remoto, a B\u00edblia nos falava dessa situa\u00e7\u00e3o e chegamos at\u00e9 aqui, n\u00e3o h\u00e1 porque desistir. \u00c9 verdade, no meio desse caminho um homem interferiu. A revela\u00e7\u00e3o de Cristo apontou outras diretrizes. Nem tudo est\u00e1 perdido, posto que Dele ouvimos verdades que ainda doem, mas aliviam nossas dores, aumentam nossa esperan\u00e7a. \u201cReferi-vos estas coisas para que tenhais paz em mim. No mundo haveis de ter afli\u00e7\u00f5es. Coragem! Eu venci o mundo\u201d (Jo 16,33).<br \/> Essa \u00e9 nossa esperan\u00e7a. A certeza de um mundo melhor, mais justo e humano, est\u00e1 proporcionalmente vinculada aos ensinamentos e \u00e0 viv\u00eancia da f\u00e9 crist\u00e3. Aqui entra nossa responsabilidade mission\u00e1ria com esse mundo. Ou, como j\u00e1 afirmei em muitas ocasi\u00f5es: Se o mundo vai mal \u00e9 porque n\u00f3s crist\u00e3os estamos p\u00e9ssimos. N\u00e3o assumimos com verdadeiro ardor nossa responsabilidade evangelizadora, nossa miss\u00e3o de luz, sal, fermento na massa&#8230; A f\u00e9 provoca as transforma\u00e7\u00f5es que queremos. Ou seja: o rem\u00e9dio que o mundo precisa chama-se amor. Amor que \u00e9 Deus.<\/p>\n","protected":false},"excerpt":{"rendered":"<p>Uma grande aliada do organismo humano \u00e9 a febre. Quando atinge o vermelho do term\u00f4metro \u00e9 sinal de que algo n\u00e3o est\u00e1 bem em nosso corpo. Um aviso amigo. Da mesma forma, feridas mal cicatrizadas ou varia\u00e7\u00f5es da press\u00e3o arterial. S\u00e3o instrumentos que temos para diagnosticar um problema maior. Assim tamb\u00e9m com nosso mundo exterior. [&hellip;]<\/p>\n","protected":false},"author":1,"featured_media":0,"comment_status":"closed","ping_status":"closed","sticky":false,"template":"","format":"standard","meta":{"footnotes":""},"categories":[4],"tags":[],"class_list":["post-4468","post","type-post","status-publish","format-standard","hentry","category-cotidiano"],"_links":{"self":[{"href":"https:\/\/catolicanet.net\/wp-cnet\/wp-json\/wp\/v2\/posts\/4468","targetHints":{"allow":["GET"]}}],"collection":[{"href":"https:\/\/catolicanet.net\/wp-cnet\/wp-json\/wp\/v2\/posts"}],"about":[{"href":"https:\/\/catolicanet.net\/wp-cnet\/wp-json\/wp\/v2\/types\/post"}],"author":[{"embeddable":true,"href":"https:\/\/catolicanet.net\/wp-cnet\/wp-json\/wp\/v2\/users\/1"}],"replies":[{"embeddable":true,"href":"https:\/\/catolicanet.net\/wp-cnet\/wp-json\/wp\/v2\/comments?post=4468"}],"version-history":[{"count":1,"href":"https:\/\/catolicanet.net\/wp-cnet\/wp-json\/wp\/v2\/posts\/4468\/revisions"}],"predecessor-version":[{"id":9357,"href":"https:\/\/catolicanet.net\/wp-cnet\/wp-json\/wp\/v2\/posts\/4468\/revisions\/9357"}],"wp:attachment":[{"href":"https:\/\/catolicanet.net\/wp-cnet\/wp-json\/wp\/v2\/media?parent=4468"}],"wp:term":[{"taxonomy":"category","embeddable":true,"href":"https:\/\/catolicanet.net\/wp-cnet\/wp-json\/wp\/v2\/categories?post=4468"},{"taxonomy":"post_tag","embeddable":true,"href":"https:\/\/catolicanet.net\/wp-cnet\/wp-json\/wp\/v2\/tags?post=4468"}],"curies":[{"name":"wp","href":"https:\/\/api.w.org\/{rel}","templated":true}]}}