{"id":4467,"date":"2014-04-06T03:00:00","date_gmt":"2014-04-06T06:00:00","guid":{"rendered":"http:\/\/catolicanet.net\/wp-cnet\/a-confissao-como-meio-de-viver-a-caridade\/"},"modified":"2017-04-05T10:18:52","modified_gmt":"2017-04-05T13:18:52","slug":"a-confissao-como-meio-de-viver-a-caridade","status":"publish","type":"post","link":"https:\/\/catolicanet.net\/wp-cnet\/a-confissao-como-meio-de-viver-a-caridade\/","title":{"rendered":"A Confiss\u00e3o como meio de viver a Caridade"},"content":{"rendered":"<p style=\"text-align: justify;\">O Sacramento da Reconcilia\u00e7\u00e3o tamb\u00e9m pode ser chamado de Penit\u00eancia ou Confiss\u00e3o. Por este sacramento, o crist\u00e3o recebe da miseric\u00f3rdia de Deus o perd\u00e3o de seus pecados e, ao mesmo tempo, \u00e9 reconciliado com a Igreja, \u00e0 qual feriu com o pecado.<br \/>Tivemos o evento \u201c24 horas para o Senhor\u201d, organizado pelo Pontif\u00edcio Conselho para a promo\u00e7\u00e3o da nova evangeliza\u00e7\u00e3o e aberto pelo Papa Francisco em Roma. Tempo para ora\u00e7\u00e3o, adora\u00e7\u00e3o, prega\u00e7\u00e3o e confiss\u00e3o. Agora \u00e9 tempo dos \u201cmutir\u00f5es de confiss\u00f5es\u201d, quando um grupo de padres da mesma forania ou regi\u00e3o atende os fi\u00e9is em uma par\u00f3quia, dando oportunidade de confessores para distribuir a miseric\u00f3rdia de Deus.<br \/>O pecado \u00e9 uma ofensa a Deus; somente Ele pode perdo\u00e1-lo! Jesus, que \u00e9 Deus bendito, tem o poder de perdoar os pecados: \u201cO Filho do homem tem o poder de perdoar os pecados sobre a terra\u201d (Mc 2,10). Este poder Ele concedeu \u00e0 Igreja, para que o exer\u00e7a em seu nome: \u201cTudo isso vem de Deus, que nos reconciliou consigo por Cristo e nos confiou o minist\u00e9rio da reconcilia\u00e7\u00e3o\u201d (2Cor 5,18); \u201cO que ligares na terra ser\u00e1 ligado no c\u00e9u, e o que desligares na terra ser\u00e1 desligado nos c\u00e9us\u201d (Mt 16,19); \u201cEm verdade vos digo: tudo quanto ligardes na terra ser\u00e1 ligado no c\u00e9u e tudo quanto desligardes na terra ser\u00e1 desligado no c\u00e9u\u201d (Mt 18,18). <br \/>As passagens acima citadas s\u00e3o claras: o Cristo, \u00fanico que pode perdoar os pecados, Deus deu \u00e0 sua Igreja o poder de perdoar os pecados em Seu nome! Ligar, desligar significa, na linguagem rab\u00ednica do tempo de Jesus, excluir da comunh\u00e3o com Deus e com a comunidade e acolher novamente na comunh\u00e3o com Deus e a Igreja. Vale a pena ainda citar Jo 20,22s: \u201cRecebei o Esp\u00edrito Santo. Aqueles a quem perdoardes os pecados, ser-lhes-\u00e3o perdoados; aqueles aos quais retiverdes, ser-lhes-\u00e3o retidos\u201d. Na pot\u00eancia do Esp\u00edrito do Cristo ressuscitado, a Igreja continua a obra do Senhor Jesus de perdoar, em seu nome, os pecados. Aparece, portanto, com clareza, que a Igreja recebeu esta autoridade por parte do pr\u00f3prio Cristo.<br \/>Podemos perguntar: qual o rem\u00e9dio para o pecado? A resposta \u00e9 uma s\u00f3: uma cont\u00ednua convers\u00e3o pela penit\u00eancia. A penit\u00eancia s\u00e3o as atitudes e gestos que revelam a mudan\u00e7a interior, a convers\u00e3o do cora\u00e7\u00e3o. O Catecismo da Igreja Cat\u00f3lica explica que \u201ca convers\u00e3o interior impele \u00e0 express\u00e3o exterior com gestos e sinais vis\u00edveis, gestos e sinais de penit\u00eancia\u201d (n. 1430). E o Catecismo completa, de modo muito preciso: \u201cA penit\u00eancia interior \u00e9 uma radical reorienta\u00e7\u00e3o de toda a vida, um retorno, uma convers\u00e3o a Deus com todo o cora\u00e7\u00e3o, uma ruptura com o pecado, uma avers\u00e3o ao mal, juntamente com a reprova\u00e7\u00e3o das m\u00e1s a\u00e7\u00f5es que cometemos\u201d (n. 1421). <br \/>Observe-se bem que: quando falamos de sacramento da Penit\u00eancia, estamos falando de uma profunda atitude de penit\u00eancia! \u00c9 que n\u00e3o tem sentido o sacramento sem a atitude interior; de nada adianta confessar-se sem o sincero sentido do pecado e o firme prop\u00f3sito de convers\u00e3o! Desde j\u00e1 vai aparecendo claro que o Sacramento da Penit\u00eancia insere-se numa atitude mais ampla de volta a Deus e no profundo sentido existencial de que somos pecadores. Como diz o Salmista: \u201cUm cora\u00e7\u00e3o despeda\u00e7ado e triturado, \u00f3 Deus, n\u00e3o rejeitar\u00e1s! Cria em mim um cora\u00e7\u00e3o puro, \u00f3 Deus; enra\u00edza em mim um esp\u00edrito novo\u201d (Sl 51,19.12).<br \/>Recordemo-nos que o pecado \u00e9 uma ruptura da comunh\u00e3o com Deus que nos desarruma interiormente e nos faz tamb\u00e9m romper com os irm\u00e3os na f\u00e9. O pecado provoca sempre uma ferida n\u00e3o s\u00f3 em n\u00f3s mesmos, mas tamb\u00e9m em todo o Corpo de Cristo, que \u00e9 a Igreja: eu me torno um membro ferido do Corpo de Cristo, prejudicando todo o Corpo do Senhor.<br \/>Assim, o perd\u00e3o nos restitui a amizade de Deus, a sua gra\u00e7a em n\u00f3s, dando-nos a verdadeira paz interior, sendo uma verdadeira ressurrei\u00e7\u00e3o espiritual. \u00c9 importante notar que essa paz \u00e9 dada mesmo quando eu n\u00e3o a sinto de modo sens\u00edvel. N\u00e3o se trata de sentimentos, mas da realidade do Sacramento, que \u00e9 a\u00e7\u00e3o de Cristo e da Igreja.<br \/>O Sacramento tamb\u00e9m nos reconcilia com a Igreja, comunh\u00e3o dos irm\u00e3os em Cristo, de quem o pecado nos separa. Assim, eu me torno mais forte, pois novamente estou em comunh\u00e3o com meus irm\u00e3os e com a vida da Igreja, que \u00e9 dada na Palavra do Senhor e nos sacramentos, sobretudo na Eucaristia. \u00c9 importante notar ainda que a Reconcilia\u00e7\u00e3o fortalece tamb\u00e9m a Igreja, pois cada membro seu que \u00e9 curado de seu pecado fortalece todo o Corpo de Cristo. <br \/>Nenhum pecado e nenhuma gra\u00e7a s\u00e3o totalmente individuais, mas t\u00eam repercuss\u00e3o na Igreja toda!<br \/>A Reconcilia\u00e7\u00e3o \u00e9 tamb\u00e9m, em certo sentido, uma antecipa\u00e7\u00e3o do ju\u00edzo do Senhor, dando-me a oportunidade de escolher entre a vida e a morte j\u00e1, agora! Al\u00e9m do mais, ajuda-me muit\u00edssimo a que me mantenha unido ao Senhor pela aten\u00e7\u00e3o da minha consci\u00eancia, pelo cuidado em vigiar para n\u00e3o mais pecar. O sacramento deixa-me mais forte no combate contra o pecado e minhas m\u00e1s tend\u00eancias!<br \/>A Igreja pede que pelo menos uma vez ao ano, na P\u00e1scoa do Senhor, nos confessemos e comunguemos. Aqui, \u00e9 necess\u00e1rio deixar bem claro que isto \u00e9 o m\u00ednimo que se pede! Quem ama n\u00e3o d\u00e1 o m\u00ednimo; procura dar o m\u00e1ximo. Assim, o Sacramento da Confiss\u00e3o \u00e9 um meio de caridade, pois, atrav\u00e9s deste chegamos a reconciliar com Deus, com a comunidade e conosco mesmo. Isso \u00e9 de suma import\u00e2ncia para a caminhada crist\u00e3 e para o nosso processo de convers\u00e3o. <br \/>Por isso, eis que, como pastor, recomendo a todos neste tempo quaresmal a se aproximarem dos confession\u00e1rios para receber as b\u00ean\u00e7\u00e3os de Deus.<\/p>\n","protected":false},"excerpt":{"rendered":"<p>O Sacramento da Reconcilia\u00e7\u00e3o tamb\u00e9m pode ser chamado de Penit\u00eancia ou Confiss\u00e3o. Por este sacramento, o crist\u00e3o recebe da miseric\u00f3rdia de Deus o perd\u00e3o de seus pecados e, ao mesmo tempo, \u00e9 reconciliado com a Igreja, \u00e0 qual feriu com o pecado.Tivemos o evento \u201c24 horas para o Senhor\u201d, organizado pelo Pontif\u00edcio Conselho para a [&hellip;]<\/p>\n","protected":false},"author":5,"featured_media":0,"comment_status":"closed","ping_status":"closed","sticky":false,"template":"","format":"standard","meta":{"footnotes":""},"categories":[9],"tags":[],"class_list":["post-4467","post","type-post","status-publish","format-standard","hentry","category-artigos"],"_links":{"self":[{"href":"https:\/\/catolicanet.net\/wp-cnet\/wp-json\/wp\/v2\/posts\/4467","targetHints":{"allow":["GET"]}}],"collection":[{"href":"https:\/\/catolicanet.net\/wp-cnet\/wp-json\/wp\/v2\/posts"}],"about":[{"href":"https:\/\/catolicanet.net\/wp-cnet\/wp-json\/wp\/v2\/types\/post"}],"author":[{"embeddable":true,"href":"https:\/\/catolicanet.net\/wp-cnet\/wp-json\/wp\/v2\/users\/5"}],"replies":[{"embeddable":true,"href":"https:\/\/catolicanet.net\/wp-cnet\/wp-json\/wp\/v2\/comments?post=4467"}],"version-history":[{"count":1,"href":"https:\/\/catolicanet.net\/wp-cnet\/wp-json\/wp\/v2\/posts\/4467\/revisions"}],"predecessor-version":[{"id":9356,"href":"https:\/\/catolicanet.net\/wp-cnet\/wp-json\/wp\/v2\/posts\/4467\/revisions\/9356"}],"wp:attachment":[{"href":"https:\/\/catolicanet.net\/wp-cnet\/wp-json\/wp\/v2\/media?parent=4467"}],"wp:term":[{"taxonomy":"category","embeddable":true,"href":"https:\/\/catolicanet.net\/wp-cnet\/wp-json\/wp\/v2\/categories?post=4467"},{"taxonomy":"post_tag","embeddable":true,"href":"https:\/\/catolicanet.net\/wp-cnet\/wp-json\/wp\/v2\/tags?post=4467"}],"curies":[{"name":"wp","href":"https:\/\/api.w.org\/{rel}","templated":true}]}}