{"id":44590,"date":"2018-10-18T15:13:25","date_gmt":"2018-10-18T18:13:25","guid":{"rendered":"http:\/\/catolicanet.net\/wp-cnet\/?p=44590"},"modified":"2018-10-18T15:49:50","modified_gmt":"2018-10-18T18:49:50","slug":"dom-eduardo-em-sintonia-com-o-papa","status":"publish","type":"post","link":"https:\/\/catolicanet.net\/wp-cnet\/dom-eduardo-em-sintonia-com-o-papa\/","title":{"rendered":"Dom Eduardo: em sintonia com o Papa"},"content":{"rendered":"<div class=\"article__subTitle\">Dom Eduardo Pinheiro, bispo de Jaboticabal, e Padre Sinodal fala sobre a cruz colorida da Pastoral Juvenil da Am\u00e9rica Latina entregue na quarta-feira (17\/10) ao Papa e diz que &#8220;\u00c9 um momento para mostrar que estamos em sintonia com os desejos do Papa&#8221;<\/div>\n<div class=\"title__separator\"><\/div>\n<div class=\"article__text\">\n<p><b>Cidade do Vaticano<\/b><\/p>\n<p>Na quarta-feira (17\/10), os Bispos da Am\u00e9rica Latina entregaram ao Papa uma cruz diferente. Falando ao\u00a0<i>Vatican News<\/i>,\u00a0<b>Dom Eduardo Pinheiro<\/b>, bispo de Jaboticabal, e Padre Sinodal\u00a0falou sobre as cores da cruz e a criatividade dos jovens latino-americanos. Dom Eduardo conta que houve um encontro de Bispos na Am\u00e9rica Latina antes do S\u00ednodo onde \u201ccada um recebeu a sua cruz, os que j\u00e1 tinham partido a receberam aqui\u201d.<\/p>\n<h2><b>A cruz colorida<\/b><\/h2>\n<p>A cruz colorida, inicialmente, nasceu como um s\u00edmbolo , que seria usado na p\u00e1gina Web da Pastoral Juvenil Latino-americana, junto com v\u00e1rios outros s\u00edmbolos como o som da nota musical, o c\u00edrculo, que representa o mundo, a eucaristia, o cora\u00e7\u00e3o e a cruz. Todos s\u00e3o elementos que caracterizam o jovem latino-americano a alegria da nota musical, a entrega total na eucaristia, o amor no cora\u00e7\u00e3o e nossa meta que \u00e9 a cruz.<\/p>\n<h2><b>Em sintonia com os desejos do Papa<\/b><\/h2>\n<p>Ao descrever a cruz, Dom Eduardo disse: \u201c\u00c9 uma criatividade dos jovens da Am\u00e9rica Latina&#8221;. Na cruz colorida est\u00e3o representadas nas cores que simbolizam a Pastoral Juvenil. Cada cor representa uma regi\u00e3o da Am\u00e9rica Latina e seus v\u00e1rios ecossistemas. Os jovens trouxeram a cruz para o Papa representando toda a for\u00e7a, alegria, o trabalho juvenil que a Am\u00e9rica Latina tem com rela\u00e7\u00e3o \u00e0 juventude\u201d.<\/p>\n<p>\u201cA cruz traz o colorido de grupos ind\u00edgenas da Am\u00e9rica Latina, e representa diversidade da juventude na alegria no trabalho e nos v\u00e1rios grupos que existem em vista da evangeliza\u00e7\u00e3o\u201d, diz Dom Eduardo.<\/p>\n<p>\u201c\u00c9 um momento para marcar esta sintonia\u00a0 da Am\u00e9rica Latina com os desejos do Papa em vista de uma evangeliza\u00e7\u00e3o da juventude mais eficiente\u201d.<\/p>\n<p>Ou\u00e7a a entrevista com Dom Eduardo<\/p>\n<!--[if lt IE 9]><script>document.createElement('audio');<\/script><![endif]-->\n<audio class=\"wp-audio-shortcode\" id=\"audio-44590-1\" preload=\"none\" style=\"width: 100%;\" controls=\"controls\"><source type=\"audio\/mpeg\" src=\"https:\/\/media.vaticannews.va\/media\/audio\/s1\/2018\/10\/18\/12\/134675735_F134675735.mp3?_=1\" \/><a href=\"https:\/\/media.vaticannews.va\/media\/audio\/s1\/2018\/10\/18\/12\/134675735_F134675735.mp3\">https:\/\/media.vaticannews.va\/media\/audio\/s1\/2018\/10\/18\/12\/134675735_F134675735.mp3<\/a><\/audio>\n<\/div>\n","protected":false},"excerpt":{"rendered":"<p>Dom Eduardo Pinheiro, bispo de Jaboticabal, e Padre Sinodal fala sobre a cruz colorida da Pastoral Juvenil da Am\u00e9rica Latina entregue na quarta-feira (17\/10) ao Papa e diz que &#8220;\u00c9 um momento para mostrar que estamos em sintonia com os desejos do Papa&#8221; Cidade do Vaticano Na quarta-feira (17\/10), os Bispos da Am\u00e9rica Latina entregaram [&hellip;]<\/p>\n","protected":false},"author":1,"featured_media":44594,"comment_status":"open","ping_status":"closed","sticky":false,"template":"","format":"standard","meta":{"footnotes":""},"categories":[3],"tags":[],"class_list":["post-44590","post","type-post","status-publish","format-standard","has-post-thumbnail","hentry","category-vaticano"],"_links":{"self":[{"href":"https:\/\/catolicanet.net\/wp-cnet\/wp-json\/wp\/v2\/posts\/44590","targetHints":{"allow":["GET"]}}],"collection":[{"href":"https:\/\/catolicanet.net\/wp-cnet\/wp-json\/wp\/v2\/posts"}],"about":[{"href":"https:\/\/catolicanet.net\/wp-cnet\/wp-json\/wp\/v2\/types\/post"}],"author":[{"embeddable":true,"href":"https:\/\/catolicanet.net\/wp-cnet\/wp-json\/wp\/v2\/users\/1"}],"replies":[{"embeddable":true,"href":"https:\/\/catolicanet.net\/wp-cnet\/wp-json\/wp\/v2\/comments?post=44590"}],"version-history":[{"count":3,"href":"https:\/\/catolicanet.net\/wp-cnet\/wp-json\/wp\/v2\/posts\/44590\/revisions"}],"predecessor-version":[{"id":44595,"href":"https:\/\/catolicanet.net\/wp-cnet\/wp-json\/wp\/v2\/posts\/44590\/revisions\/44595"}],"wp:featuredmedia":[{"embeddable":true,"href":"https:\/\/catolicanet.net\/wp-cnet\/wp-json\/wp\/v2\/media\/44594"}],"wp:attachment":[{"href":"https:\/\/catolicanet.net\/wp-cnet\/wp-json\/wp\/v2\/media?parent=44590"}],"wp:term":[{"taxonomy":"category","embeddable":true,"href":"https:\/\/catolicanet.net\/wp-cnet\/wp-json\/wp\/v2\/categories?post=44590"},{"taxonomy":"post_tag","embeddable":true,"href":"https:\/\/catolicanet.net\/wp-cnet\/wp-json\/wp\/v2\/tags?post=44590"}],"curies":[{"name":"wp","href":"https:\/\/api.w.org\/{rel}","templated":true}]}}