{"id":44572,"date":"2018-10-17T15:45:50","date_gmt":"2018-10-17T18:45:50","guid":{"rendered":"http:\/\/catolicanet.net\/wp-cnet\/?p=44572"},"modified":"2018-10-17T15:45:50","modified_gmt":"2018-10-17T18:45:50","slug":"seminario-arquidiocesano-vai-abordar-as-emergencias-sociambientais","status":"publish","type":"post","link":"https:\/\/catolicanet.net\/wp-cnet\/seminario-arquidiocesano-vai-abordar-as-emergencias-sociambientais\/","title":{"rendered":"Semin\u00e1rio Arquidiocesano vai abordar as emerg\u00eancias sociambientais"},"content":{"rendered":"<p><em>Atividade acontece no fim de outubro e coloca em pauta a ajuda humanit\u00e1ria em situa\u00e7\u00f5es de risco <\/em><\/p>\n<p>Como prevenir, gerir e enfrentar situa\u00e7\u00f5es de risco ambiental a partir da perspectiva da ajuda humanit\u00e1ria. Esse \u00e9 o objetivo do Semin\u00e1rio Arquidiocesano que acontece no dia 30 de outubro, na Casa de Retiros, em Passo Fundo. A a\u00e7\u00e3o visa preparar a comunidade para atuar em emerg\u00eancias socioambientais \u2013 como os temporais e tornado que atingiram a regi\u00e3o de abrang\u00eancia da Arquidiocese de Passo Fundo em junho deste ano. A ideia \u00e9, de uma forma geral, contribuir na forma\u00e7\u00e3o de pessoas e entidades a partir das indica\u00e7\u00f5es e orienta\u00e7\u00f5es para emerg\u00eancias socioambientais, fornecidas pela Organiza\u00e7\u00e3o das Na\u00e7\u00f5es Unidas.<\/p>\n<p>&nbsp;<\/p>\n<p>Tendo em vista que os fen\u00f4menos clim\u00e1ticos s\u00e3o, hoje, uma das realidades mais desafiadoras, o Semin\u00e1rio Arquidiocesano busca dedicar tempo e aten\u00e7\u00e3o \u00e0 tem\u00e1tica e, dessa forma, colaborar para a atua\u00e7\u00e3o da comunidade diante de tais situa\u00e7\u00f5es. Neste sentido, dentro de sua \u00e1rea de atua\u00e7\u00e3o, a C\u00e1ritas se ocupa da tem\u00e1tica do Meio Ambiente e Gest\u00e3o de Riscos e Emerg\u00eancias e, junto com a Arquidiocese de Passo Fundo, prop\u00f5e a reflex\u00e3o a respeito do tema.<\/p>\n<p>&nbsp;<\/p>\n<p>A atividade, que ser\u00e1 assessorada pela C\u00e1ritas Brasileira \u2013 Regional Sul 3, pelo Grupo Gest\u00e3o de Riscos e Emerg\u00eancias (GRID) da Universidade Federal do Rio Grande do Sul (UFRGS) e, tamb\u00e9m, pelo pesquisador da Embrapa Trigo Gilberto Cunha, tem, como p\u00fablico alvo, a comunidade em geral \u2013 especialmente os agentes de pastoral e de C\u00e1ritas; integrantes dos comit\u00eas de apoio aos afetados, lideran\u00e7as comunit\u00e1rias, agentes p\u00fablicos (assist\u00eancia social, sa\u00fade, habita\u00e7\u00e3o, meio ambiente, educa\u00e7\u00e3o) e organiza\u00e7\u00f5es sociais. A alimenta\u00e7\u00e3o ser\u00e1 custeada pela C\u00e1ritas Brasileira e os participantes devem assumir os custos de transporte e s\u00e3o convidados a trazer algo para partilhar em lanches. Mais informa\u00e7\u00f5es podem ser obtidas atrav\u00e9s do telefone 54 3045-1262.<\/p>\n<p>&nbsp;<\/p>\n<p><strong>Servi\u00e7o:<\/strong><\/p>\n<p><strong>Semin\u00e1rio Arquidiocesano | Ajuda Humanit\u00e1ria nas Emerg\u00eancias Socioambientais<br \/>\n30 de outubro<\/strong><\/p>\n<p><strong>08h30 \u00e0s 17h<\/strong><\/p>\n<p><strong>Casa de Retiros \u2013 Passo Fundo<\/strong><\/p>\n<p>Fonte: Sammara Garbelotto<br \/>\nAssessoria de Comunica\u00e7\u00e3o da Arquidiocese de Passo Fundo<br \/>\n<a href=\"mailto:imprensa@arquidiocesedepassofundo.com.br\">imprensa@arquidiocesedepassofundo.com.br<\/a><br \/>\n(54) 3045 9228 | (54) 9951-1197<br \/>\nwww.arquidiocesedepassofundo.com.br<\/p>\n","protected":false},"excerpt":{"rendered":"<p>Atividade acontece no fim de outubro e coloca em pauta a ajuda humanit\u00e1ria em situa\u00e7\u00f5es de risco Como prevenir, gerir e enfrentar situa\u00e7\u00f5es de risco ambiental a partir da perspectiva da ajuda humanit\u00e1ria. Esse \u00e9 o objetivo do Semin\u00e1rio Arquidiocesano que acontece no dia 30 de outubro, na Casa de Retiros, em Passo Fundo. A [&hellip;]<\/p>\n","protected":false},"author":1,"featured_media":44573,"comment_status":"open","ping_status":"closed","sticky":false,"template":"","format":"standard","meta":{"footnotes":""},"categories":[4],"tags":[],"class_list":["post-44572","post","type-post","status-publish","format-standard","has-post-thumbnail","hentry","category-cotidiano"],"_links":{"self":[{"href":"https:\/\/catolicanet.net\/wp-cnet\/wp-json\/wp\/v2\/posts\/44572","targetHints":{"allow":["GET"]}}],"collection":[{"href":"https:\/\/catolicanet.net\/wp-cnet\/wp-json\/wp\/v2\/posts"}],"about":[{"href":"https:\/\/catolicanet.net\/wp-cnet\/wp-json\/wp\/v2\/types\/post"}],"author":[{"embeddable":true,"href":"https:\/\/catolicanet.net\/wp-cnet\/wp-json\/wp\/v2\/users\/1"}],"replies":[{"embeddable":true,"href":"https:\/\/catolicanet.net\/wp-cnet\/wp-json\/wp\/v2\/comments?post=44572"}],"version-history":[{"count":1,"href":"https:\/\/catolicanet.net\/wp-cnet\/wp-json\/wp\/v2\/posts\/44572\/revisions"}],"predecessor-version":[{"id":44574,"href":"https:\/\/catolicanet.net\/wp-cnet\/wp-json\/wp\/v2\/posts\/44572\/revisions\/44574"}],"wp:featuredmedia":[{"embeddable":true,"href":"https:\/\/catolicanet.net\/wp-cnet\/wp-json\/wp\/v2\/media\/44573"}],"wp:attachment":[{"href":"https:\/\/catolicanet.net\/wp-cnet\/wp-json\/wp\/v2\/media?parent=44572"}],"wp:term":[{"taxonomy":"category","embeddable":true,"href":"https:\/\/catolicanet.net\/wp-cnet\/wp-json\/wp\/v2\/categories?post=44572"},{"taxonomy":"post_tag","embeddable":true,"href":"https:\/\/catolicanet.net\/wp-cnet\/wp-json\/wp\/v2\/tags?post=44572"}],"curies":[{"name":"wp","href":"https:\/\/api.w.org\/{rel}","templated":true}]}}