{"id":44567,"date":"2018-10-17T15:07:27","date_gmt":"2018-10-17T18:07:27","guid":{"rendered":"http:\/\/catolicanet.net\/wp-cnet\/?p=44567"},"modified":"2018-10-17T15:07:27","modified_gmt":"2018-10-17T18:07:27","slug":"congresso-de-obstetras-no-rio-de-janeiro-ensina-a-matar-fetos-com-apoio-estatal","status":"publish","type":"post","link":"https:\/\/catolicanet.net\/wp-cnet\/congresso-de-obstetras-no-rio-de-janeiro-ensina-a-matar-fetos-com-apoio-estatal\/","title":{"rendered":"Congresso de obstetras no Rio de Janeiro ensina a matar fetos com apoio estatal"},"content":{"rendered":"<h2 class=\"subtitle\">Em vez de representarem quem d\u00e1 raz\u00e3o \u00e0 sua exist\u00eancia, organiza\u00e7\u00f5es m\u00e9dicas se aliam a cl\u00ednicas de aborto para &#8220;treinar profissionais&#8221; nessa pr\u00e1tica<\/h2>\n<p>Est\u00e1 acontecendo no Rio de Janeiro, entre 14 e 19 deste m\u00eas de outubro, o\u00a0<strong>XXII Congresso Mundial de Obstetr\u00edcia e Ginecologia\u00a0<\/strong>organizado pela\u00a0<strong>Federa\u00e7\u00e3o Internacional de Ginecologia e Obstetr\u00edcia (FIGO)<\/strong>. Segundo informa\u00e7\u00f5es dos organizadores, trata-se do \u201c<em>maior congresso global sobre sa\u00fade materna e infantil, reunindo obstetras, ginecologistas e profissionais de sa\u00fade de todo o mundo<\/em>\u201d. Participam cerca de\u00a0<strong>11 mil m\u00e9dicos<\/strong>\u00a0e outros profissionais da \u00e1rea.<\/p>\n<h3>Um chamativo sil\u00eancio c\u00famplice<\/h3>\n<p>Chama as aten\u00e7\u00f5es que, apesar da grande relev\u00e2ncia do evento, a assim chamada \u201cgrande m\u00eddia\u201d est\u00e1 bastante \u201csilenciosa\u201d a seu respeito. Mais chamativo (e sintom\u00e1tico) ainda \u00e9 observar a\u00a0<a href=\"http:\/\/figo2018.org\/pb\/programa-preliminar\/\" target=\"_blank\" rel=\"noopener\">programa\u00e7\u00e3o<\/a>\u00a0do congresso:\u00a0de acordo com m\u00e9dicos que a analisaram,\u00a0<strong>o f\u00f3rum conta com 50 pain\u00e9is pr\u00f3-aborto<\/strong>. Sendo de vasto conhecimento que o aborto \u00e9\u00a0o nome dado ao\u00a0<strong>assassinato\u00a0de beb\u00eas em gesta\u00e7\u00e3o\u00a0<\/strong>e que esta pr\u00e1tica \u00e9\u00a0<strong>CRIME<\/strong>\u00a0segundo a lei brasileira e, mais basicamente ainda, segundo a moral natural, come\u00e7a-se a vislumbrar o porqu\u00ea do sil\u00eancio c\u00famplice da m\u00eddia.<\/p>\n<p>E h\u00e1 mais: o FIGO 2018 conta com amplo apoio do Governo Federal brasileiro e da CAPES (Coordena\u00e7\u00e3o de Aperfei\u00e7oamento de Pessoal de N\u00edvel Superior), funda\u00e7\u00e3o vinculada ao Minist\u00e9rio da Educa\u00e7\u00e3o. O\u00a0ministro da Sa\u00fade, Gilberto Occhi, participou pessoalmente da abertura.<\/p>\n<p>O\u00a0<a class=\"external\" href=\"https:\/\/figo2018.org\/pb\/patrocinio-e-exposicao\/\" target=\"_blank\" rel=\"nofollow noopener\">patroc\u00ednio vem de diversas empresas nacionais e multinacionais<\/a>:<\/p>\n<ul>\n<li>Bayek e GSK: 130 mil d\u00f3lares cada;<\/li>\n<li>Grunenthal e MSD: 95 mil d\u00f3lares cada;<\/li>\n<li>EMS, FQM e Nestl\u00e9: 55 mil d\u00f3lares cada;<\/li>\n<li>ONGs pr\u00f3-aborto como DKT e IPAS: 30 mil d\u00f3lares cada.<\/li>\n<\/ul>\n<p>\u00c9 significativo destacar que a IPAS foi criada pela\u00a0<em>Planned Parenthood<\/em>, o maior conglomerado internacional de cl\u00ednicas de aborto, j\u00e1 envolvido em graves esc\u00e2ndalos de tr\u00e1fico e venda de partes do corpo de beb\u00eas abortados.<\/p>\n<p>Tamb\u00e9m h\u00e1 patroc\u00ednios de outras empresas farmac\u00eauticas como a Novo Nordisk, a Roche e a Ache.<\/p>\n<div class=\"nativo-inread\"><\/div>\n<p>A apoiadora brasileira da FIGO \u00e9 a Febrasgo (Federa\u00e7\u00e3o Brasileira de Ginecologia e Obstetr\u00edcia), uma entidade declaradamente pr\u00f3-aborto.<\/p>\n<h3>Agenda<\/h3>\n<p>Quem que se disp\u00f4s a pagar at\u00e9 R$ 3.000,00 para participar do f\u00f3rum p\u00f4de conferir, por exemplo, o curso \u201c<em>A Tecnologia do Aborto<\/em>\u201d, realizado j\u00e1 no primeiro dia (14). O conte\u00fado tratou de como matar beb\u00eas em gesta\u00e7\u00e3o durante o primeiro e o segundo trimestres da gravidez mediante t\u00e9cnicas abortivas diversas.<\/p>\n<p>Outros temas do f\u00f3rum incluem:<\/p>\n<ul>\n<li>por que a obje\u00e7\u00e3o de consci\u00eancia (direito do m\u00e9dico de se recusar a matar o beb\u00ea com base em seus princ\u00edpios morais) pode \u201catrapalhar\u201d o desejo da mulher de abortar;<\/li>\n<li>t\u00e9cnicas para \u201cexpandir\u201d o per\u00edodo de gesta\u00e7\u00e3o visando matar o beb\u00ea legalmente;<\/li>\n<li>an\u00e1lises sobre a melhor subst\u00e2ncia para matar o beb\u00ea;<\/li>\n<li>guias para fazer \u201cabortos seguros\u201d;<\/li>\n<li>manuais sobre \u201co longo caminho para a legaliza\u00e7\u00e3o do aborto\u201d;<\/li>\n<li>\u201cdireitos reprodutivos\u201d, eufemismo utilizado para fazer apologia ao aborto.<\/li>\n<\/ul>\n<p>Entre os palestrantes est\u00e1 D\u00e9bora Diniz, uma das respons\u00e1veis pela ADPF 442 levada ao Supremo Tribunal Federal (STF) do Brasil a fim de legalizar o aborto no pa\u00eds. A respeito de quem \u00e9 D\u00e9bora Diniz, confira o seguinte artigo recomendado:<\/p>\n","protected":false},"excerpt":{"rendered":"<p>Em vez de representarem quem d\u00e1 raz\u00e3o \u00e0 sua exist\u00eancia, organiza\u00e7\u00f5es m\u00e9dicas se aliam a cl\u00ednicas de aborto para &#8220;treinar profissionais&#8221; nessa pr\u00e1tica Est\u00e1 acontecendo no Rio de Janeiro, entre 14 e 19 deste m\u00eas de outubro, o\u00a0XXII Congresso Mundial de Obstetr\u00edcia e Ginecologia\u00a0organizado pela\u00a0Federa\u00e7\u00e3o Internacional de Ginecologia e Obstetr\u00edcia (FIGO). Segundo informa\u00e7\u00f5es dos organizadores, [&hellip;]<\/p>\n","protected":false},"author":1,"featured_media":44568,"comment_status":"open","ping_status":"closed","sticky":false,"template":"","format":"standard","meta":{"footnotes":""},"categories":[4],"tags":[],"class_list":["post-44567","post","type-post","status-publish","format-standard","has-post-thumbnail","hentry","category-cotidiano"],"_links":{"self":[{"href":"https:\/\/catolicanet.net\/wp-cnet\/wp-json\/wp\/v2\/posts\/44567","targetHints":{"allow":["GET"]}}],"collection":[{"href":"https:\/\/catolicanet.net\/wp-cnet\/wp-json\/wp\/v2\/posts"}],"about":[{"href":"https:\/\/catolicanet.net\/wp-cnet\/wp-json\/wp\/v2\/types\/post"}],"author":[{"embeddable":true,"href":"https:\/\/catolicanet.net\/wp-cnet\/wp-json\/wp\/v2\/users\/1"}],"replies":[{"embeddable":true,"href":"https:\/\/catolicanet.net\/wp-cnet\/wp-json\/wp\/v2\/comments?post=44567"}],"version-history":[{"count":1,"href":"https:\/\/catolicanet.net\/wp-cnet\/wp-json\/wp\/v2\/posts\/44567\/revisions"}],"predecessor-version":[{"id":44569,"href":"https:\/\/catolicanet.net\/wp-cnet\/wp-json\/wp\/v2\/posts\/44567\/revisions\/44569"}],"wp:featuredmedia":[{"embeddable":true,"href":"https:\/\/catolicanet.net\/wp-cnet\/wp-json\/wp\/v2\/media\/44568"}],"wp:attachment":[{"href":"https:\/\/catolicanet.net\/wp-cnet\/wp-json\/wp\/v2\/media?parent=44567"}],"wp:term":[{"taxonomy":"category","embeddable":true,"href":"https:\/\/catolicanet.net\/wp-cnet\/wp-json\/wp\/v2\/categories?post=44567"},{"taxonomy":"post_tag","embeddable":true,"href":"https:\/\/catolicanet.net\/wp-cnet\/wp-json\/wp\/v2\/tags?post=44567"}],"curies":[{"name":"wp","href":"https:\/\/api.w.org\/{rel}","templated":true}]}}