{"id":44547,"date":"2018-10-17T11:34:04","date_gmt":"2018-10-17T14:34:04","guid":{"rendered":"http:\/\/catolicanet.net\/wp-cnet\/?p=44547"},"modified":"2018-10-17T11:37:55","modified_gmt":"2018-10-17T14:37:55","slug":"camaroes-seminarista-assassinado-na-regiao-anglofona","status":"publish","type":"post","link":"https:\/\/catolicanet.net\/wp-cnet\/camaroes-seminarista-assassinado-na-regiao-anglofona\/","title":{"rendered":"Camar\u00f5es. Seminarista assassinado na regi\u00e3o angl\u00f3fona"},"content":{"rendered":"<div class=\"article__subTitle\">O Arcebispo de Bamenda, Dom Cornelius Fontem Esua, comunicou que no dia 4 de outubro foi assassinado um jovem seminarista na regi\u00e3o angl\u00f3fona de Yaound\u00e9. O jovem que se chamava G\u00e9rard Anjiangwe, tinha 19 anos e foi morto por um grupo de militares, em frente \u00e0 Igreja paroquial de Santa Teresa de Bamessing, um vilarejo nas proximidades de Ndop, no noroeste de Camar\u00f5es<\/div>\n<div class=\"title__separator\"><\/div>\n<div class=\"article__text\">\n<p><b>Cidade do Vaticano<\/b><\/p>\n<p>Segundo o comunicado da Arquidiocese, no final da missa, cerca de 9h30 da manh\u00e3, enquanto G\u00e9rard Anjiangwe e os fi\u00e9is encontravam-se em frente \u00e0 igreja, chegou um caminh\u00e3o militar proveniente de Ndop e parou no in\u00edcio da rua. Alguns soldados desceram e come\u00e7aram a atirar.<\/p>\n<p>Enquanto os fi\u00e9is se refugiavam na sacristia bloqueando a porta, o seminarista ajoelhou-se no ch\u00e3o rezando o ter\u00e7o. \u201cOs militares tentaram abrir a porta, mas n\u00e3o conseguiram, ent\u00e3o se aproximaram de Gerard que estava estendido no ch\u00e3o e disseram para ele se levantar, e ele obedeceu com alguma hesita\u00e7\u00e3o\u201d, diz Dom Cornelius.<\/p>\n<p>Depois de interrog\u00e1-lo, os soldados obrigaram o seminarista a ajoelhar-se novamente. \u201cE atiraram tr\u00eas vezes no pesco\u00e7o e ele morreu na hora\u201d, afirma o Arcebispo.<\/p>\n<h2><b>Apelo do bispo aos crist\u00e3os<\/b><\/h2>\n<p>No seu comunicado, Dom Cornelius lan\u00e7a um apelo a todos os crist\u00e3os neste momento de dor para que rezem pela alma de G\u00e9rard e tamb\u00e9m por Stephen Akiata e Comfort Akiata, seus pais, e toda a fam\u00edlia, pois o seminarista era filho \u00fanico\u201d.<\/p>\n<p>O dram\u00e1tico epis\u00f3dio enquadra-se nas tens\u00f5es\u00a0nas regi\u00f5es angl\u00f3fonas\u00a0que precederam e acompanharam as elei\u00e7\u00f5es presidenciais de domingo, 7 de outubro.<\/p>\n<div>\n<div class=\"article__embed article__embed--unwrap article__embed--dark\">\n<div class=\"article__innerTitle\">Ou\u00e7a e compartilhe<\/div>\n<div><\/div>\n<\/div>\n<\/div>\n<\/div>\n","protected":false},"excerpt":{"rendered":"<p>O Arcebispo de Bamenda, Dom Cornelius Fontem Esua, comunicou que no dia 4 de outubro foi assassinado um jovem seminarista na regi\u00e3o angl\u00f3fona de Yaound\u00e9. O jovem que se chamava G\u00e9rard Anjiangwe, tinha 19 anos e foi morto por um grupo de militares, em frente \u00e0 Igreja paroquial de Santa Teresa de Bamessing, um vilarejo [&hellip;]<\/p>\n","protected":false},"author":1,"featured_media":44549,"comment_status":"open","ping_status":"closed","sticky":false,"template":"","format":"standard","meta":{"footnotes":""},"categories":[3],"tags":[],"class_list":["post-44547","post","type-post","status-publish","format-standard","has-post-thumbnail","hentry","category-vaticano"],"_links":{"self":[{"href":"https:\/\/catolicanet.net\/wp-cnet\/wp-json\/wp\/v2\/posts\/44547","targetHints":{"allow":["GET"]}}],"collection":[{"href":"https:\/\/catolicanet.net\/wp-cnet\/wp-json\/wp\/v2\/posts"}],"about":[{"href":"https:\/\/catolicanet.net\/wp-cnet\/wp-json\/wp\/v2\/types\/post"}],"author":[{"embeddable":true,"href":"https:\/\/catolicanet.net\/wp-cnet\/wp-json\/wp\/v2\/users\/1"}],"replies":[{"embeddable":true,"href":"https:\/\/catolicanet.net\/wp-cnet\/wp-json\/wp\/v2\/comments?post=44547"}],"version-history":[{"count":1,"href":"https:\/\/catolicanet.net\/wp-cnet\/wp-json\/wp\/v2\/posts\/44547\/revisions"}],"predecessor-version":[{"id":44548,"href":"https:\/\/catolicanet.net\/wp-cnet\/wp-json\/wp\/v2\/posts\/44547\/revisions\/44548"}],"wp:featuredmedia":[{"embeddable":true,"href":"https:\/\/catolicanet.net\/wp-cnet\/wp-json\/wp\/v2\/media\/44549"}],"wp:attachment":[{"href":"https:\/\/catolicanet.net\/wp-cnet\/wp-json\/wp\/v2\/media?parent=44547"}],"wp:term":[{"taxonomy":"category","embeddable":true,"href":"https:\/\/catolicanet.net\/wp-cnet\/wp-json\/wp\/v2\/categories?post=44547"},{"taxonomy":"post_tag","embeddable":true,"href":"https:\/\/catolicanet.net\/wp-cnet\/wp-json\/wp\/v2\/tags?post=44547"}],"curies":[{"name":"wp","href":"https:\/\/api.w.org\/{rel}","templated":true}]}}