{"id":44524,"date":"2018-10-17T09:03:30","date_gmt":"2018-10-17T12:03:30","guid":{"rendered":"http:\/\/catolicanet.net\/wp-cnet\/?p=44524"},"modified":"2018-10-17T09:07:04","modified_gmt":"2018-10-17T12:07:04","slug":"plataforma-caci-mapeia-mais-de-mil-assassinatos-de-indigenas-nas-ultimas-tres-decadas","status":"publish","type":"post","link":"https:\/\/catolicanet.net\/wp-cnet\/plataforma-caci-mapeia-mais-de-mil-assassinatos-de-indigenas-nas-ultimas-tres-decadas\/","title":{"rendered":"Plataforma Caci mapeia mais de mil assassinatos de ind\u00edgenas nas \u00faltimas tr\u00eas d\u00e9cadas"},"content":{"rendered":"<p>Com os dados do relat\u00f3rio Viol\u00eancia contra os Povos Ind\u00edgenas no Brasil \u2013 2017, lan\u00e7ado no dia 27 de setembro pelo Conselho Indigenista Mission\u00e1rio (Cimi), a Plataforma Caci, que mapeia os assassinatos de ind\u00edgenas ocorridos no Brasil nas \u00faltimas d\u00e9cadas, chegou a um total de 1.071 registros georreferenciados de mortes violentas de ind\u00edgenas no pa\u00eds.<\/p>\n<p>A palavra Caci, que significa \u201cdor\u201d em Guarani, \u00e9 a sigla para \u201cCartografia de Ataques Contra Ind\u00edgenas\u201d, nome completo da plataforma desenvolvida em 2016 por uma iniciativa conjunta de Infoamaz\u00f4nia, Armaz\u00e9m Mem\u00f3ria e Funda\u00e7\u00e3o Rosa Luxemburgo. Desde 2016, \u00e9 o Cimi que administra e atualiza os dados da Caci \u00e0 medida que s\u00e3o publicados os novos relat\u00f3rios.<\/p>\n<p>Os casos mapeados na plataforma partem dos registros contidos nos relat\u00f3rios Viol\u00eancia contra os povos ind\u00edgenas no Brasil, elaborado pelo Cimi, e Conflitos no Campo, publicado pela Comiss\u00e3o Pastoral da Terra (CPT), e abrangem os assassinatos contra ind\u00edgenas registrados a partir de 1985.<\/p>\n<p>Eles incluem informa\u00e7\u00f5es sobre o local do assassinato, o povo ind\u00edgena a que a v\u00edtima pertence, o contexto e a data da ocorr\u00eancia, sempre que dispon\u00edveis. Quando o assassinato ocorreu em uma terra ind\u00edgena j\u00e1 demarcada, ele \u00e9 localizado dentro da \u00e1rea. Quando ocorreu fora, ou em uma terra ind\u00edgena na qual o processo demarcat\u00f3rio ainda n\u00e3o foi conclu\u00eddo e cujo per\u00edmetro ainda n\u00e3o est\u00e1 dispon\u00edvel na plataforma, ele \u00e9 remetido para o centro do munic\u00edpio em que aconteceu o assassinato.<\/p>\n<p>A plataforma pode ser acessada aqui:\u00a0http:\/\/<a href=\"http:\/\/caci.cimi.org.br\/#%21\/?loc=-13.068776734357694,-63.80859374999999,4\">caci.cimi.org.br<\/a><\/p>\n","protected":false},"excerpt":{"rendered":"<p>Com os dados do relat\u00f3rio Viol\u00eancia contra os Povos Ind\u00edgenas no Brasil \u2013 2017, lan\u00e7ado no dia 27 de setembro pelo Conselho Indigenista Mission\u00e1rio (Cimi), a Plataforma Caci, que mapeia os assassinatos de ind\u00edgenas ocorridos no Brasil nas \u00faltimas d\u00e9cadas, chegou a um total de 1.071 registros georreferenciados de mortes violentas de ind\u00edgenas no pa\u00eds. [&hellip;]<\/p>\n","protected":false},"author":1,"featured_media":44526,"comment_status":"open","ping_status":"closed","sticky":false,"template":"","format":"standard","meta":{"footnotes":""},"categories":[7],"tags":[],"class_list":["post-44524","post","type-post","status-publish","format-standard","has-post-thumbnail","hentry","category-cnbb"],"_links":{"self":[{"href":"https:\/\/catolicanet.net\/wp-cnet\/wp-json\/wp\/v2\/posts\/44524","targetHints":{"allow":["GET"]}}],"collection":[{"href":"https:\/\/catolicanet.net\/wp-cnet\/wp-json\/wp\/v2\/posts"}],"about":[{"href":"https:\/\/catolicanet.net\/wp-cnet\/wp-json\/wp\/v2\/types\/post"}],"author":[{"embeddable":true,"href":"https:\/\/catolicanet.net\/wp-cnet\/wp-json\/wp\/v2\/users\/1"}],"replies":[{"embeddable":true,"href":"https:\/\/catolicanet.net\/wp-cnet\/wp-json\/wp\/v2\/comments?post=44524"}],"version-history":[{"count":1,"href":"https:\/\/catolicanet.net\/wp-cnet\/wp-json\/wp\/v2\/posts\/44524\/revisions"}],"predecessor-version":[{"id":44527,"href":"https:\/\/catolicanet.net\/wp-cnet\/wp-json\/wp\/v2\/posts\/44524\/revisions\/44527"}],"wp:featuredmedia":[{"embeddable":true,"href":"https:\/\/catolicanet.net\/wp-cnet\/wp-json\/wp\/v2\/media\/44526"}],"wp:attachment":[{"href":"https:\/\/catolicanet.net\/wp-cnet\/wp-json\/wp\/v2\/media?parent=44524"}],"wp:term":[{"taxonomy":"category","embeddable":true,"href":"https:\/\/catolicanet.net\/wp-cnet\/wp-json\/wp\/v2\/categories?post=44524"},{"taxonomy":"post_tag","embeddable":true,"href":"https:\/\/catolicanet.net\/wp-cnet\/wp-json\/wp\/v2\/tags?post=44524"}],"curies":[{"name":"wp","href":"https:\/\/api.w.org\/{rel}","templated":true}]}}