{"id":44511,"date":"2018-10-12T08:10:13","date_gmt":"2018-10-12T11:10:13","guid":{"rendered":"http:\/\/catolicanet.net\/wp-cnet\/?p=44511"},"modified":"2018-10-17T08:13:42","modified_gmt":"2018-10-17T11:13:42","slug":"memorias-de-12-de-outubro","status":"publish","type":"post","link":"https:\/\/catolicanet.net\/wp-cnet\/memorias-de-12-de-outubro\/","title":{"rendered":"Mem\u00f3rias de 12 de outubro"},"content":{"rendered":"<p><strong>\u00a0<\/strong><\/p>\n<p>Na v\u00e9spera do dia de N. Sra. Aparecida n\u00e3o consegui chegar \u00e0 novena como programado. Acidente na Via Dutra e o transito parado deixou-me 12 horas na estrada. O reitor do Santu\u00e1rio Nacional presidiu o \u00faltimo dia da novena, a quem agrade\u00e7o. Aqui no Rio celebramos solenemente a padroeira juntamente com os 87 anos da inaugura\u00e7\u00e3o da imagem do Cristo Redentor.<\/p>\n<p>Nessa data o povo brasileiro celebrou jubilosamente a Solenidade de Maria a Senhora da Concei\u00e7\u00e3o Aparecida, nossa M\u00e3e morena, Rainha e Padroeira, Senhora de todas as ra\u00e7as l\u00ednguas e culturas. Ela \u00e9 a M\u00e3e do nosso Povo, fiel companheira do povo brasileiro.\u00a0 De cora\u00e7\u00e3o agradecido cumprimento os fi\u00e9is peregrinos que marcharam ao Santu\u00e1rio Nacional de Nossa Senhora Aparecida para prestar homenagem \u00e0 Padroeira do Brasil.<\/p>\n<p>Aparecida \u00e9 o lugar do encontro, da fraternidade, da experiencia de f\u00e9 e devo\u00e7\u00e3o do nosso povo, \u00e9 o maior santu\u00e1rio dedicado \u00e0 Virgem Maria no Brasil.\u00a0 A Senhora &#8220;Aparecida&#8221;, como o pr\u00f3prio nome diz, \u00e9 a Patrona de todo o Brasil. O dia 12 de outubro \u00e9 feriado nacional. A hist\u00f3ria deste Santu\u00e1rio representa a obra de f\u00e9 de todo o povo brasileiro e seu amor singular pela Sant\u00edssima Virgem.<\/p>\n<p>A devo\u00e7\u00e3o a Nossa Senhora Aparecida est\u00e1 intrinsicamente ligada \u00e0 hist\u00f3ria de sofrimento e escravid\u00e3o do nosso povo, mas tamb\u00e9m \u00e0 esperan\u00e7a da popula\u00e7\u00e3o afro-amer\u00edndia que neste solo sofreram e foram mortos, v\u00edtimas da mais cruel maldade humana: a escravid\u00e3o.\u00a0 Quando celebramos a Padroeira do Brasil fazemos mem\u00f3ria destes irm\u00e3os e irm\u00e3s sobre o olhar da Virgem morena que a todos consola e ampara com seu amor materno.<\/p>\n<p>Baseado nos relatos, livros e sites de divulga\u00e7\u00e3o fa\u00e7o dessas mem\u00f3rias minha reflex\u00e3o neste tempo t\u00e3o oportuno. No in\u00edcio do s\u00e9culo XVIII, a escravid\u00e3o no Brasil era generalizada. A leste do estado de S\u00e3o Paulo, das profundezas das \u00e1guas do Rio Para\u00edba, uma pequena imagem da Virgem Maria surgiu nas redes dos pescadores. Era uma imagem negra igual a cor dos filhos escravizados, foi encontrada partida em dois peda\u00e7os. Corria do ano de 1717.<\/p>\n<p>Imediatamente ap\u00f3s a &#8220;pesca milagrosa&#8221; do que distante outubro 1717, foi o povo comum, sem instru\u00e7\u00e3o, mas com uma f\u00e9 profunda, para receber o primeiro dos grandes milagres. Diz-se, entre outros, de um escravo chamado Zacarias, que viveu em uma planta\u00e7\u00e3o de caf\u00e9, e, por ser n\u00e3o ser mais capaz de resistir a ferocidade de seus mestres, tinha fugido para a cidade de S\u00e3o Paulo. O dono de escravos o havia perseguido e acabou por encontr\u00e1-lo em uma floresta. Ele colocou sete quilos nas m\u00e3os e nos p\u00e9s e arrastou-o pela rua. S\u00f3 que, passando a capela de &#8220;Nossa Senhora Aparecida&#8221; o escravo pediu de todo o cora\u00e7\u00e3o por sua ajuda e imediatamente abriu as cadeias principais para as m\u00e3os e p\u00e9s. Diante disso, seu atormentador deixou-o ir. \u00c9 por isso que a tradi\u00e7\u00e3o diz que Nossa Senhora \u00e9 negra: porque quer estar perto dos pobres e dos oprimidos; e naquela \u00e9poca os oprimidos eram os negros.<\/p>\n<p>A devo\u00e7\u00e3o \u00e0 Imaculada Concei\u00e7\u00e3o da Virgem &#8220;Aparecida&#8221;, com o passar dos anos, tornou-se cada vez maior, e muitas gra\u00e7as foram obtidas. Tudo come\u00e7ou no s\u00e9culo XVIII, quando alguns pescadores, que viviam as margens do Rio Para\u00edba do Sul lan\u00e7aram suas redes nas \u00e1guas para a necess\u00e1ria pesca, e, para a surpresa dos pescadores veio uma imagem decapitada em suas redes. Eles perceberam que era uma imagem da M\u00e3e de Deus, era a Virgem de cor enegrecida pelo limo do fundo do rio.<\/p>\n<p>A partir desse momento, na tradi\u00e7\u00e3o brasileira, a Virgem Aparecida, sob o nome da Imaculada Concei\u00e7\u00e3o, tornou-se M\u00e3e morena Senhora do povo brasileiro, e come\u00e7ou a atrair muitos devotos sobre sua prote\u00e7\u00e3o, os peregrinos come\u00e7aram a percorrer a p\u00e9 os caminhos do vale do Para\u00edba em dire\u00e7\u00e3o a pequena vila para venerar a M\u00e3e morena. Ao longo dos anos, a devo\u00e7\u00e3o \u00e0 Virgem Imaculada Concei\u00e7\u00e3o &#8220;Aparecida&#8221; tornou-se cada vez maior, e muitas gra\u00e7as foram obtidas.<\/p>\n<p>Depois da devo\u00e7\u00e3o dos pescadores e da primeira capelinha, \u00a0o vig\u00e1rio de Guaratinguet\u00e1 construiu uma capela para acolher os fi\u00e9is peregrinos. \u00a0Assim foi constru\u00edda uma capela para abrigar os numerosos fi\u00e9is peregrinos que j\u00e1 naquele s\u00e9culo acorriam \u00e0 virgem morena em busca de alento e prote\u00e7\u00e3o da M\u00e3e. Em 1834, come\u00e7ou a constru\u00e7\u00e3o de uma igreja maior, que mais tarde se tornou a &#8220;Antiga Bas\u00edlica&#8221;, quando, em 1955, come\u00e7aram as obras da gigantesca &#8220;nova Bas\u00edlica&#8221;.<\/p>\n<p>Em 1884, por decreto da S\u00e9 Apost\u00f3lica, e por ocasi\u00e3o das comemora\u00e7\u00f5es do quinquag\u00e9simo anivers\u00e1rio da proclama\u00e7\u00e3o do dogma da Imaculada Concei\u00e7\u00e3o, Nossa Senhora Aparecida foi coroada pelo arcebispo de S\u00e3o Paulo, na presen\u00e7a do N\u00fancio Apost\u00f3lico. Os Mission\u00e1rios Redentoristas s\u00e3o os cust\u00f3dios deste Santu\u00e1rio Nacional, cuidam com carinho da Pastoral do Santu\u00e1rio al\u00e9m da acolhida e aten\u00e7\u00e3o aos peregrinos. Os mission\u00e1rios chegaram em Aparecida no ano de 1893, vindos de Munique, na Alemanha.\u00a0 Eles aceitaram a miss\u00e3o de cuidar do Santu\u00e1rio de Nossa Senhora da Concei\u00e7\u00e3o Aparecida, tornando-se a primeira par\u00f3quia redentorista da Am\u00e9rica Latina. Em 1928 o Papa proclama a Virgem de Aparecida como Rainha e Padroeira do Brasil. Em 16 de julho de 1930 o mesmo arcebispo ao prestar outra homenagem a Virgem, desta vez foi uma homenagem hist\u00f3rica que marcar\u00e1 para sempre a devo\u00e7\u00e3o mariana no Brasil: ele proclamou publicamente e solenemente Nossa Senhora Aparecida como Padroeira oficial do Territ\u00f3rio Brasileiro, na presen\u00e7a de todas as autoridades civis e religiosas do Pa\u00eds. Naquele mesmo dia, o cardeal Leme, meu antecessor neste s\u00f3lio arquiepiscopal carioca, arcebispo do Rio de Janeiro, pronunciou a consagra\u00e7\u00e3o do Brasil \u00e0 Santa Virgem de Aparecida.<\/p>\n<p>Na tradi\u00e7\u00e3o brasileira, a Virgem Aparecida, sob o nome da Imaculada Concei\u00e7\u00e3o, que se tornou padroeira oficial do Pa\u00eds, o povo a venera com filial amor e devo\u00e7\u00e3o de filhos e filhas muito amados. Multiplicando as gra\u00e7as espirituais e os benef\u00edcios neste lugar, foi necess\u00e1rio construir um templo maior e mais adequado, para atender \u00e0s necessidades dos numerosos peregrinos; um templo que p\u00f4de ver a luz depois de anos de incessante trabalho e foi consagrado em 4 de julho de 1980 pelo querido Papa S\u00e3o Jo\u00e3o Paulo II, que confirmou o cuidado de todo o povo brasileiro \u00e0 &#8220;Senhora Aparecida&#8221;.<\/p>\n<p>S\u00e3o Jo\u00e3o Paulo II foi o primeiro pont\u00edfice a visitar o Santu\u00e1rio de Aparecida; durante a sua Peregrina\u00e7\u00e3o Apost\u00f3lica, o devoto Papa disse em sua prece a Virgem M\u00e3e Morena: &#8220;<em>S\u00e3o conhecidas as peregrina\u00e7\u00f5es \u00e1 Aparecida, \u00e0s quais participam pessoas de todas as classes sociais e das mais diversas e distantes regi\u00f5es do Pa\u00eds, ao longo dos s\u00e9culos. [&#8230;] O que os antigos peregrinos estavam procurando? O que os peregrinos est\u00e3o procurando hoje? Precisamente o que eles procuraram no dia, mais ou menos remoto, do batismo: a f\u00e9 e os meios para aliment\u00e1-lo. Eles buscam os sacramentos da Igreja, especialmente a reconcilia\u00e7\u00e3o com Deus e a eucaristia. Daqui eles saem fortificados e gratos \u00e0 Senhora, M\u00e3e de Deus e nossa <\/em>&#8220;. disse o papa. (cf.\u00a0 in prece do Papa Jo\u00e3o Paulo II a M\u00e3e Aparecida- 04 de julho de 1980).<\/p>\n<p>Aparecida \u00e9 a cidade santu\u00e1rio, \u00e9 o altar mariano do Brasil: em 1980, O Saudoso e querido Papa S\u00e3o Jo\u00e3o Paulo II deu-lhe o t\u00edtulo de &#8220;Bas\u00edlica Menor\u201d.\u00a0 O Santu\u00e1rio Nacional de Nossa Senhora Aparecida \u00e9, tamb\u00e9m um local de celebra\u00e7\u00e3o fraterna, um local de peregrina\u00e7\u00e3o do Povo brasileiro.<\/p>\n<p>A Virgem Maria ocupa um lugar especial no cora\u00e7\u00e3o do povo brasileiro. O culto mariano no Brasil est\u00e1 ligado \u00e0 primeira evangeliza\u00e7\u00e3o da Am\u00e9rica Latina. De fato, os mission\u00e1rios, especialmente da Europa, espalharam essa devo\u00e7\u00e3o, transmitida de gera\u00e7\u00e3o em gera\u00e7\u00e3o. Ela \u00e9 sempre a &#8220;M\u00e3e querida&#8221;, a m\u00e3e amorosa, que acolhe, protege e suporta todos os que invocam com f\u00e9 sincera. Muitas igrejas no Brasil s\u00e3o dedicadas \u00e0 Virgem Maria,<\/p>\n<p>O Brasil \u00e9 o pa\u00eds com o maior n\u00famero de fi\u00e9is cat\u00f3licos do mundo. Mesmo diante de tantas crises, dissid\u00eancias, intoler\u00e2ncias e persegui\u00e7\u00f5es a devo\u00e7\u00e3o do povo brasileiro continua alicer\u00e7ado nas Escrituras que nos ensinam que Maria, como primeira disc\u00edpula, nos indica o caminho para Jesus e nos ensina a obedec\u00ea-lo: \u201cFazei tudo o que Ele vos disser\u201d;<\/p>\n<p>E, no entanto, o povo brasileiro se reconhece sob a marca desta devo\u00e7\u00e3o mariana \u00e0 &#8220;Virgem Aparecida&#8221;, profundamente enraizada na sensibilidade religiosa dos latino-americanos.<\/p>\n<p>O Santu\u00e1rio de Nossa Senhora Aparecida \u00e9 chamado de &#8220;capital da f\u00e9&#8221; e &#8220;capital Mariana do Pa\u00eds&#8221;. Naquele solo sagado, do antigo Monte dos Coqueiros, o cora\u00e7\u00e3o cat\u00f3lico do Brasil pulsa e milh\u00f5es de devotos se dirigem ansiosos por encontrar Cristo atrav\u00e9s de Maria que a todos acolhe e ao mesmo tempo inspira o ardor mission\u00e1rio e a\u00e7\u00e3o evangelizadora de seu povo.<\/p>\n<p>H\u00e1 um Brasil de praias belas e brancas, sol, futebol e samba. H\u00e1 um Brasil das florestas da terra ressequida, das cidades superlotadas, das aldeias desertas e das favelas sem fim. H\u00e1 um Brasil dos lugares evocativos cheios de mist\u00e9rio e paz. Em que o povo brasileiro reconhece o sentido da exist\u00eancia nos modos de culto e devo\u00e7\u00e3o, venera\u00e7\u00e3o popular da f\u00e9.\u00a0 A peregrina\u00e7\u00e3o \u00e9 assim um caminho de espiritualidade e ora\u00e7\u00e3o.\u00a0 O Povo brasileiro segue sua caminhada de f\u00e9 e devo\u00e7\u00e3o \u00e1 aquela que \u00e9 amparo e prote\u00e7\u00e3o, \u00e9 a M\u00e3e querida senhora de Aparecida.<\/p>\n<p>Neste m\u00eas de outubro t\u00e3o cheio de comemora\u00e7\u00f5es renovamos nossa consagra\u00e7\u00e3o de filhos e filhas brasileiros e brasileiras, especialmente neste ano de grandes acontecimentos, que requer decis\u00f5es e acima de tudo discernimento de nosso Povo na constru\u00e7\u00e3o de uma Brasil mais justo soberano e fraterno para todos. Que a Virgem M\u00e3e morena interceda pelo nosso Pa\u00eds a fim de que possamos viver com mais alegria a nossa f\u00e9, crescer no amor fraterno e incentivar o respeito pela dignidade da pessoa.<\/p>\n<p>Acidente na Rodovia Dutra e a obstru\u00e7\u00e3o da rodovia, como disse acima, me impediram de fazer a clausura da Novena de Nossa Senhora Aparecida. Nas muitas horas em que fiquei parado naqueles momentos me coloquei em ora\u00e7\u00e3o pedindo a Nossa Senhora Aparecida que aben\u00e7oe o povo brasileiro e que nos congregue em torno ao Seu Filho Jesus testemunhando que um mundo novo \u00e9 poss\u00edvel com aqueles que vivem a f\u00e9 e contagiam as pessoas com a esperan\u00e7a e confian\u00e7a. Viva Nossa Senhora Aparecida, Rainha e Padroeira do Brasil.<\/p>\n<p>&nbsp;<\/p>\n","protected":false},"excerpt":{"rendered":"<p>\u00a0 Na v\u00e9spera do dia de N. Sra. Aparecida n\u00e3o consegui chegar \u00e0 novena como programado. Acidente na Via Dutra e o transito parado deixou-me 12 horas na estrada. O reitor do Santu\u00e1rio Nacional presidiu o \u00faltimo dia da novena, a quem agrade\u00e7o. Aqui no Rio celebramos solenemente a padroeira juntamente com os 87 anos [&hellip;]<\/p>\n","protected":false},"author":5,"featured_media":32777,"comment_status":"open","ping_status":"closed","sticky":false,"template":"","format":"standard","meta":{"footnotes":""},"categories":[9],"tags":[],"class_list":["post-44511","post","type-post","status-publish","format-standard","has-post-thumbnail","hentry","category-artigos"],"_links":{"self":[{"href":"https:\/\/catolicanet.net\/wp-cnet\/wp-json\/wp\/v2\/posts\/44511","targetHints":{"allow":["GET"]}}],"collection":[{"href":"https:\/\/catolicanet.net\/wp-cnet\/wp-json\/wp\/v2\/posts"}],"about":[{"href":"https:\/\/catolicanet.net\/wp-cnet\/wp-json\/wp\/v2\/types\/post"}],"author":[{"embeddable":true,"href":"https:\/\/catolicanet.net\/wp-cnet\/wp-json\/wp\/v2\/users\/5"}],"replies":[{"embeddable":true,"href":"https:\/\/catolicanet.net\/wp-cnet\/wp-json\/wp\/v2\/comments?post=44511"}],"version-history":[{"count":1,"href":"https:\/\/catolicanet.net\/wp-cnet\/wp-json\/wp\/v2\/posts\/44511\/revisions"}],"predecessor-version":[{"id":44512,"href":"https:\/\/catolicanet.net\/wp-cnet\/wp-json\/wp\/v2\/posts\/44511\/revisions\/44512"}],"wp:featuredmedia":[{"embeddable":true,"href":"https:\/\/catolicanet.net\/wp-cnet\/wp-json\/wp\/v2\/media\/32777"}],"wp:attachment":[{"href":"https:\/\/catolicanet.net\/wp-cnet\/wp-json\/wp\/v2\/media?parent=44511"}],"wp:term":[{"taxonomy":"category","embeddable":true,"href":"https:\/\/catolicanet.net\/wp-cnet\/wp-json\/wp\/v2\/categories?post=44511"},{"taxonomy":"post_tag","embeddable":true,"href":"https:\/\/catolicanet.net\/wp-cnet\/wp-json\/wp\/v2\/tags?post=44511"}],"curies":[{"name":"wp","href":"https:\/\/api.w.org\/{rel}","templated":true}]}}