{"id":4450,"date":"2014-04-01T03:00:00","date_gmt":"2014-04-01T06:00:00","guid":{"rendered":"http:\/\/catolicanet.net\/wp-cnet\/sao-jose-e-a-caridade\/"},"modified":"2017-04-05T10:10:36","modified_gmt":"2017-04-05T13:10:36","slug":"sao-jose-e-a-caridade","status":"publish","type":"post","link":"https:\/\/catolicanet.net\/wp-cnet\/sao-jose-e-a-caridade\/","title":{"rendered":"S\u00e3o Jos\u00e9 e a Caridade"},"content":{"rendered":"<p style=\"text-align: justify;\">No passado dia 19 de mar\u00e7o, celebramos a solenidade de S\u00e3o Jos\u00e9, esposo de Maria e Patrono da Igreja Universal. Ele merece todo o nosso reconhecimento e a nossa devo\u00e7\u00e3o, pois soube proteger a Virgem Santa e o Filho Jesus. O ser guardi\u00e3o \u00e9 a caracter\u00edstica de Jos\u00e9: \u00e9 a sua grande miss\u00e3o! \u00c9 nisso que ele expressa o seu amor \u00e0 sua esposa e ao seu Filho adotivo. <br \/>Temos poucas not\u00edcias de Jos\u00e9 que, pelo fato do recenseamento ter se dirigido a Bel\u00e9m, teria provavelmente nascido ali, tendo como pai Jac\u00f3 (Mt 1,16). Desposou Maria obedecendo a Deus que lhe avisara pelo anjo em sonho e cuidou da Sagrada Fam\u00edlia seja nos momentos dif\u00edceis, como foi a fuga para o Egito, como no dia a dia da pacata cidade de Nazar\u00e9.<br \/> A figura de S\u00e3o Jos\u00e9 adquire em nossos dias uma grande popularidade. Pio IX o declarou Patrono da Igreja Universal; Pio XII instituiu a festa de S\u00e3o Jos\u00e9 Oper\u00e1rio; Jo\u00e3o XXIII pede sua prote\u00e7\u00e3o especial para o Conc\u00edlio Ecum\u00eanico Vaticano II e acrescenta seu nome ao c\u00e2non da Missa. O Papa Francisco acrescenta o seu nome a todas as demais ora\u00e7\u00f5es Eucar\u00edsticas. \u00c9 ainda patrono dos pais de fam\u00edlia, dos tesoureiros, dos procuradores, dos trabalhadores em geral. Servidor fiel e prudente a servi\u00e7o da Sagrada Fam\u00edlia, continua sendo servidor da fam\u00edlia crist\u00e3, modelo das virtudes do lar. <br \/> Dois textos b\u00edblicos falam de Jos\u00e9, o pai adotivo de Nosso Senhor Jesus Cristo: Mt 2, l3-23 e Lc 2, 4-52. Destes textos, uma atenta leitura nos leva a tirar dois dados importantes: sua condi\u00e7\u00e3o de carpinteiro: &#8220;N\u00e3o \u00e9 este (Jesus) o filho do carpinteiro? \u201c(Mt 13-55). Era conhecido, portanto, em Nazar\u00e9, por seu of\u00edcio. O outro dado \u00e9 um ju\u00edzo sobre sua pessoa: &#8220;Seu esposo Jos\u00e9, como era justo e n\u00e3o queria coloc\u00e1-la em evid\u00eancia&#8230;\u201d (Mt 1,19). Por estes textos e dados fundamentais, reconstruiu-se a imagem de S\u00e3o Jos\u00e9 como esposo fiel de Maria, pai adotivo de Jesus e honrado artes\u00e3o e oper\u00e1rio que vivia de seu trabalho. Nada mais sabemos de sua vida, nem de sua morte, a n\u00e3o ser atrav\u00e9s dos evangelhos ap\u00f3crifos. <br \/>A vida de S\u00e3o Jos\u00e9 foi toda ela um cont\u00ednuo servi\u00e7o a Jesus e a Maria. Podemos tamb\u00e9m ver em S\u00e3o Jos\u00e9 um grande modelo de educador, pois ele foi modelo de educador que protege e acompanha Jesus em seu caminho de crescimento \u201cem sabedoria, idade e gra\u00e7a\u201d, como diz o Evangelho. Ele n\u00e3o era pai de Jesus: o pai de Jesus era Deus, mas ele cumpria o papel de pai de Jesus, fazia-se pai de Jesus para faz\u00ea-lo crescer. E como o fez crescer? Em sabedoria, idade e gra\u00e7a. Jos\u00e9 ensinou a Jesus tamb\u00e9m o seu trabalho e Jesus aprendeu a ser carpinteiro com seu pai Jos\u00e9. Assim, Jos\u00e9 criou Jesus.<br \/> Jos\u00e9 foi para Jesus exemplo e mestre desta sabedoria que se nutre da Palavra de Deus. Podemos pensar em como Jos\u00e9 educou o pequeno Jesus a escutar as Sagradas Escrituras, sobretudo acompanhando-O aos s\u00e1bados \u00e0 sinagoga de Nazar\u00e9. E Jos\u00e9 O acompanhava para que Jesus escutasse a Palavra de Deus na sinagoga.<br \/>Vemos muito bem que S\u00e3o Jos\u00e9 foi um homem que viveu a ess\u00eancia da caridade, pois despojou-se de seus desejos pessoais para assumir em sua vida a chefia da fam\u00edlia de Nazar\u00e9. S\u00e3o Jos\u00e9 foi um homem que amou profundamente sua esposa e seu Filho adotivo. Tanto que dedicou a sua vida completamente a eles. Sem nenhuma reserva e sem nenhum medo, pelo contr\u00e1rio, foi muito corajoso em assumir Maria em sua gravidez e zelar por aquele que \u00e9 o Messias. S\u00e3o Jos\u00e9 exerceu, assim, o amor e, exercendo o amor, vivenciou a caridade. Caridade esta que ele fez dando e olhando para as necessidades da Virgem Maria, de Jesus e daqueles que estavam ao seu lado.<br \/>Portanto, procuremos descobrir hoje e sempre, continuamente, a presen\u00e7a de S\u00e3o Jos\u00e9 em nossas fam\u00edlias, no mist\u00e9rio de nossa f\u00e9. E ele continuar\u00e1 sendo, como sempre o foi, o nosso protetor, o nosso modelo. Que ele rogue a Deus por n\u00f3s, por este mundo t\u00e3o afastado do amor e que precisa tanto seguir o exemplo deste santo escolhido e amado por Deus, por Maria e por n\u00f3s. Que S\u00e3o Jos\u00e9 interceda pelo nosso semin\u00e1rio S\u00e3o Jos\u00e9 a fazer e dar in\u00fameras e santas voca\u00e7\u00f5es, e tamb\u00e9m por toda a nossa Arquidiocese para que possamos, neste Ano da Caridade, ver em S\u00e3o Jos\u00e9 um grande servidor e um homem que viveu a caridade. <br \/>S\u00e3o Jos\u00e9, rogai por n\u00f3s!<\/p>\n","protected":false},"excerpt":{"rendered":"<p>No passado dia 19 de mar\u00e7o, celebramos a solenidade de S\u00e3o Jos\u00e9, esposo de Maria e Patrono da Igreja Universal. Ele merece todo o nosso reconhecimento e a nossa devo\u00e7\u00e3o, pois soube proteger a Virgem Santa e o Filho Jesus. O ser guardi\u00e3o \u00e9 a caracter\u00edstica de Jos\u00e9: \u00e9 a sua grande miss\u00e3o! \u00c9 nisso [&hellip;]<\/p>\n","protected":false},"author":5,"featured_media":0,"comment_status":"closed","ping_status":"closed","sticky":false,"template":"","format":"standard","meta":{"footnotes":""},"categories":[9],"tags":[],"class_list":["post-4450","post","type-post","status-publish","format-standard","hentry","category-artigos"],"_links":{"self":[{"href":"https:\/\/catolicanet.net\/wp-cnet\/wp-json\/wp\/v2\/posts\/4450","targetHints":{"allow":["GET"]}}],"collection":[{"href":"https:\/\/catolicanet.net\/wp-cnet\/wp-json\/wp\/v2\/posts"}],"about":[{"href":"https:\/\/catolicanet.net\/wp-cnet\/wp-json\/wp\/v2\/types\/post"}],"author":[{"embeddable":true,"href":"https:\/\/catolicanet.net\/wp-cnet\/wp-json\/wp\/v2\/users\/5"}],"replies":[{"embeddable":true,"href":"https:\/\/catolicanet.net\/wp-cnet\/wp-json\/wp\/v2\/comments?post=4450"}],"version-history":[{"count":1,"href":"https:\/\/catolicanet.net\/wp-cnet\/wp-json\/wp\/v2\/posts\/4450\/revisions"}],"predecessor-version":[{"id":9346,"href":"https:\/\/catolicanet.net\/wp-cnet\/wp-json\/wp\/v2\/posts\/4450\/revisions\/9346"}],"wp:attachment":[{"href":"https:\/\/catolicanet.net\/wp-cnet\/wp-json\/wp\/v2\/media?parent=4450"}],"wp:term":[{"taxonomy":"category","embeddable":true,"href":"https:\/\/catolicanet.net\/wp-cnet\/wp-json\/wp\/v2\/categories?post=4450"},{"taxonomy":"post_tag","embeddable":true,"href":"https:\/\/catolicanet.net\/wp-cnet\/wp-json\/wp\/v2\/tags?post=4450"}],"curies":[{"name":"wp","href":"https:\/\/api.w.org\/{rel}","templated":true}]}}