{"id":44472,"date":"2018-10-15T08:12:21","date_gmt":"2018-10-15T11:12:21","guid":{"rendered":"http:\/\/catolicanet.net\/wp-cnet\/?p=44472"},"modified":"2018-10-15T14:49:56","modified_gmt":"2018-10-15T17:49:56","slug":"cnbb-presta-homenagem-aos-professores-do-brasil","status":"publish","type":"post","link":"https:\/\/catolicanet.net\/wp-cnet\/cnbb-presta-homenagem-aos-professores-do-brasil\/","title":{"rendered":"CNBB presta homenagem aos professores do Brasil"},"content":{"rendered":"<p style=\"text-align: justify;\">A presid\u00eancia CNBB, composta pelo cardeal S\u00e9rgio da Rocha, por dom Murilo Krieger e por dom Leonardo Steiner, presidente\u00a0 vice-presidente e secret\u00e1rio-geral, respectivamente, faz homenagem a todos os educadores do Pa\u00eds por meio de uma Mensagem especial.<\/p>\n<p style=\"text-align: justify;\">Leia a Mensagem.<\/p>\n<p style=\"text-align: center;\"><strong>MENSAGEM AOS PROFESSORES E \u00c0S PROFESSORAS<\/strong><\/p>\n<p style=\"text-align: center;\">\u201cEducar conforme a justi\u00e7a!\u201d<br \/>\n(2Tm 3,16)<\/p>\n<p style=\"text-align: justify;\">A Confer\u00eancia Nacional dos Bispos do Brasil \u2013 CNBB, manifesta, neste dia de 15 de outubro de 2018, sua rever\u00eancia e sua admira\u00e7\u00e3o aos professores e \u00e0s professoras de nosso pa\u00eds. Queremos nos unir a todos aqueles que, em nossa sociedade, reconhecem e valorizam os que dedicam sua vida a ensinar e educar as novas gera\u00e7\u00f5es. Sua miss\u00e3o \u00e9 importante, sua miss\u00e3o \u00e9 sublime. Seu trabalho, unido ao dos pais, da fam\u00edlia, \u00e9 fundamental para a constru\u00e7\u00e3o de uma sociedade em que prevale\u00e7am a fraternidade e a solidariedade, a justi\u00e7a e a paz.<\/p>\n<p style=\"text-align: justify;\">Num encontro com educadores, o Papa Francisco, por meio de algumas perguntas, destacou aspectos importantes dessa nobre miss\u00e3o: \u201cVelais pelos vossos alunos, ajudando-os a desenvolverem um esp\u00edrito cr\u00edtico, um esp\u00edrito livre, capaz de cuidar do mundo atual? Um esp\u00edrito que seja capaz de procurar novas respostas para os m\u00faltiplos desafios que a sociedade coloca hoje \u00e0 humanidade? Sois capazes de estimul\u00e1-los para n\u00e3o se desinteressarem da realidade que os rodeia, n\u00e3o se desinteressarem daquilo que est\u00e1 acontecendo a seu redor?\u201d (Visita \u00e0 PUC de Quito \u2013 Equador, 07.07.2015).<\/p>\n<p style=\"text-align: justify;\">Feitos esses questionamentos, o Papa deu-lhes algumas recomenda\u00e7\u00f5es: \u201cPara tal, \u00e9 preciso tirar-lhes da sala de aula, a sua mente tem que sair da sala de aula, seu cora\u00e7\u00e3o tem que sair da sala de aula. Como entra, nos curr\u00edculos universit\u00e1rios ou nas diferentes \u00e1reas do trabalho educativo, a vida que nos rodeia com as suas perguntas, suas interpela\u00e7\u00f5es, suas controv\u00e9rsias? Como geramos e acompanhamos o debate construtivo que nasce do di\u00e1logo em prol de um mundo mais humano? O di\u00e1logo, esta palavra-ponte, esta palavra que cria pontes\u201d.<\/p>\n<p style=\"text-align: justify;\">Sim, nossos professores e professoras s\u00e3o chamados a promover o di\u00e1logo, \u201cesta palavra que cria pontes\u201d. Dialogar \u00e9 ter a capacidade de escutar o outro, de respeitar o diferente, de aproximar os contr\u00e1rios. O di\u00e1logo \u00e9 o primeiro passo para descobrirmos que somos irm\u00e3os e irm\u00e3s, n\u00e3o advers\u00e1rios e, muito menos, inimigos. A diferen\u00e7a nos enriquece. Precisamos muito de educadores e educadoras que despertem nas crian\u00e7as, adolescentes e jovens essa maneira de ser, de viver e de conviver, principalmente em tempos como os atuais, de polariza\u00e7\u00e3o pol\u00edtica, de discursos que dividem e da exacerba\u00e7\u00e3o do individualismo. \u00c9 preciso educar as novas gera\u00e7\u00f5es para saberem ouvir, pesquisar, analisar, avaliar e permanecer abertas a novas perspectivas que podem dar maior fundamenta\u00e7\u00e3o \u00e0s suas exist\u00eancias.<\/p>\n<p style=\"text-align: justify;\">Neste dia dos professores e das professoras, recordamos a necessidade de receberem um sal\u00e1rio mais justo, um ambiente mais digno de trabalho. Pedimos que n\u00e3o desanimem diante da dispers\u00e3o, da viol\u00eancia, da incompreens\u00e3o. A for\u00e7a do Esp\u00edrito fortale\u00e7a na miss\u00e3o de despertar crian\u00e7as, adolescentes e jovens para a beleza da justi\u00e7a, da verdade, da fraternidade e da vida.<\/p>\n<p style=\"text-align: justify;\">Maria, a Senhora Aparecia, M\u00e3e e Mestra, interceda pelos professores e pelas professoras do Brasil!<\/p>\n<p style=\"text-align: right;\">Bras\u00edlia, 15 de outubro de 2018.<\/p>\n<p style=\"text-align: center;\">Cardeal Sergio da Rocha<br \/>\nArcebispo de Bras\u00edlia<br \/>\nPresidente da CNBB<\/p>\n<p style=\"text-align: center;\">Dom Murilo S. R. Krieger, SCJ<br \/>\nArcebispo de S\u00e3o Salvador<br \/>\nVice-Presidente da CNBB<\/p>\n<p style=\"text-align: center;\">Dom Leonardo Ulrich Steiner<br \/>\nBispo Auxiliar de Bras\u00edlia<br \/>\nSecret\u00e1rio-Geral da CNBB<\/p>\n","protected":false},"excerpt":{"rendered":"<p>A presid\u00eancia CNBB, composta pelo cardeal S\u00e9rgio da Rocha, por dom Murilo Krieger e por dom Leonardo Steiner, presidente\u00a0 vice-presidente e secret\u00e1rio-geral, respectivamente, faz homenagem a todos os educadores do Pa\u00eds por meio de uma Mensagem especial. Leia a Mensagem. MENSAGEM AOS PROFESSORES E \u00c0S PROFESSORAS \u201cEducar conforme a justi\u00e7a!\u201d (2Tm 3,16) A Confer\u00eancia Nacional [&hellip;]<\/p>\n","protected":false},"author":1,"featured_media":44473,"comment_status":"open","ping_status":"closed","sticky":false,"template":"","format":"standard","meta":{"footnotes":""},"categories":[7,13],"tags":[],"class_list":["post-44472","post","type-post","status-publish","format-standard","has-post-thumbnail","hentry","category-cnbb","category-featured"],"_links":{"self":[{"href":"https:\/\/catolicanet.net\/wp-cnet\/wp-json\/wp\/v2\/posts\/44472","targetHints":{"allow":["GET"]}}],"collection":[{"href":"https:\/\/catolicanet.net\/wp-cnet\/wp-json\/wp\/v2\/posts"}],"about":[{"href":"https:\/\/catolicanet.net\/wp-cnet\/wp-json\/wp\/v2\/types\/post"}],"author":[{"embeddable":true,"href":"https:\/\/catolicanet.net\/wp-cnet\/wp-json\/wp\/v2\/users\/1"}],"replies":[{"embeddable":true,"href":"https:\/\/catolicanet.net\/wp-cnet\/wp-json\/wp\/v2\/comments?post=44472"}],"version-history":[{"count":1,"href":"https:\/\/catolicanet.net\/wp-cnet\/wp-json\/wp\/v2\/posts\/44472\/revisions"}],"predecessor-version":[{"id":44474,"href":"https:\/\/catolicanet.net\/wp-cnet\/wp-json\/wp\/v2\/posts\/44472\/revisions\/44474"}],"wp:featuredmedia":[{"embeddable":true,"href":"https:\/\/catolicanet.net\/wp-cnet\/wp-json\/wp\/v2\/media\/44473"}],"wp:attachment":[{"href":"https:\/\/catolicanet.net\/wp-cnet\/wp-json\/wp\/v2\/media?parent=44472"}],"wp:term":[{"taxonomy":"category","embeddable":true,"href":"https:\/\/catolicanet.net\/wp-cnet\/wp-json\/wp\/v2\/categories?post=44472"},{"taxonomy":"post_tag","embeddable":true,"href":"https:\/\/catolicanet.net\/wp-cnet\/wp-json\/wp\/v2\/tags?post=44472"}],"curies":[{"name":"wp","href":"https:\/\/api.w.org\/{rel}","templated":true}]}}