{"id":44397,"date":"2018-10-09T16:19:27","date_gmt":"2018-10-09T19:19:27","guid":{"rendered":"http:\/\/catolicanet.net\/wp-cnet\/?p=44397"},"modified":"2018-10-09T16:19:27","modified_gmt":"2018-10-09T19:19:27","slug":"papa-francisco-acolhe-delegacao-de-bispos-brasileiros-na-chegada-a-sala-do-sinodo","status":"publish","type":"post","link":"https:\/\/catolicanet.net\/wp-cnet\/papa-francisco-acolhe-delegacao-de-bispos-brasileiros-na-chegada-a-sala-do-sinodo\/","title":{"rendered":"Papa Francisco acolhe delega\u00e7\u00e3o de bispos brasileiros na chegada \u00e0 Sala do S\u00ednodo"},"content":{"rendered":"<p style=\"text-align: justify;\">Em dia de Congrega\u00e7\u00e3o Geral, a presen\u00e7a do Papa \u00e9 quase certa. Ao chegar \u00e0 Sala do S\u00ednodo, Francisco cumprimenta todos que se aproximam dele, dispon\u00edvel para aben\u00e7oar objetos, ouvir recados, tirar fotos, selfies e gravar mensagens.<\/p>\n<p style=\"text-align: justify;\">Foi neste contexto que na manh\u00e3 desta ter\u00e7a-feira os bispos do Brasil se reuniram para registrar este \u201cmomento especial\u201d com o Santo Padre, como o definiu o Arcebispo de Porto Alegre, dom Jaime Spengler, que tamb\u00e9m comentou ao Vatican News os trabalhos do S\u00ednodo.<\/p>\n","protected":false},"excerpt":{"rendered":"<p>Em dia de Congrega\u00e7\u00e3o Geral, a presen\u00e7a do Papa \u00e9 quase certa. Ao chegar \u00e0 Sala do S\u00ednodo, Francisco cumprimenta todos que se aproximam dele, dispon\u00edvel para aben\u00e7oar objetos, ouvir recados, tirar fotos, selfies e gravar mensagens. Foi neste contexto que na manh\u00e3 desta ter\u00e7a-feira os bispos do Brasil se reuniram para registrar este \u201cmomento [&hellip;]<\/p>\n","protected":false},"author":1,"featured_media":44398,"comment_status":"open","ping_status":"closed","sticky":false,"template":"","format":"standard","meta":{"footnotes":""},"categories":[7],"tags":[],"class_list":["post-44397","post","type-post","status-publish","format-standard","has-post-thumbnail","hentry","category-cnbb"],"_links":{"self":[{"href":"https:\/\/catolicanet.net\/wp-cnet\/wp-json\/wp\/v2\/posts\/44397","targetHints":{"allow":["GET"]}}],"collection":[{"href":"https:\/\/catolicanet.net\/wp-cnet\/wp-json\/wp\/v2\/posts"}],"about":[{"href":"https:\/\/catolicanet.net\/wp-cnet\/wp-json\/wp\/v2\/types\/post"}],"author":[{"embeddable":true,"href":"https:\/\/catolicanet.net\/wp-cnet\/wp-json\/wp\/v2\/users\/1"}],"replies":[{"embeddable":true,"href":"https:\/\/catolicanet.net\/wp-cnet\/wp-json\/wp\/v2\/comments?post=44397"}],"version-history":[{"count":1,"href":"https:\/\/catolicanet.net\/wp-cnet\/wp-json\/wp\/v2\/posts\/44397\/revisions"}],"predecessor-version":[{"id":44399,"href":"https:\/\/catolicanet.net\/wp-cnet\/wp-json\/wp\/v2\/posts\/44397\/revisions\/44399"}],"wp:featuredmedia":[{"embeddable":true,"href":"https:\/\/catolicanet.net\/wp-cnet\/wp-json\/wp\/v2\/media\/44398"}],"wp:attachment":[{"href":"https:\/\/catolicanet.net\/wp-cnet\/wp-json\/wp\/v2\/media?parent=44397"}],"wp:term":[{"taxonomy":"category","embeddable":true,"href":"https:\/\/catolicanet.net\/wp-cnet\/wp-json\/wp\/v2\/categories?post=44397"},{"taxonomy":"post_tag","embeddable":true,"href":"https:\/\/catolicanet.net\/wp-cnet\/wp-json\/wp\/v2\/tags?post=44397"}],"curies":[{"name":"wp","href":"https:\/\/api.w.org\/{rel}","templated":true}]}}