{"id":44376,"date":"2018-10-09T08:31:01","date_gmt":"2018-10-09T11:31:01","guid":{"rendered":"http:\/\/catolicanet.net\/wp-cnet\/?p=44376"},"modified":"2018-10-09T08:31:01","modified_gmt":"2018-10-09T11:31:01","slug":"festiva-em-prol-das-obras-sociais-irma-dulce","status":"publish","type":"post","link":"https:\/\/catolicanet.net\/wp-cnet\/festiva-em-prol-das-obras-sociais-irma-dulce\/","title":{"rendered":"Festiva em prol das Obras Sociais Irm\u00e3 Dulce"},"content":{"rendered":"<p style=\"text-align: justify;\"><strong>Margareth Menezes, Elba Ramalho e Waldonys em noite festiva em prol das Obras Sociais Irm\u00e3 Dulce<\/strong><\/p>\n<p style=\"text-align: justify;\"><em>Renda do show ser\u00e1 destinada \u00e0 amplia\u00e7\u00e3o de unidade para pacientes com c\u00e2ncer<\/em><\/p>\n<p style=\"text-align: justify;\">As Obras Sociais Irm\u00e3 Dulce (OSID) est\u00e3o em campanha para amplia\u00e7\u00e3o da Unidade Dona Dulce Lopes Pontes &#8211; espa\u00e7o voltado ao atendimento de pacientes com c\u00e2ncer em tratamento na institui\u00e7\u00e3o do Anjo Bom da Bahia. Para marcar a a\u00e7\u00e3o solid\u00e1ria, a OSID, juntamente com a rede de volunt\u00e1rias Amigas de Dulce, promovem no dia 25 de outubro de 2018, \u00e0s 20h, no Cerimonial Rainha Leonor (Pupileira), o show <em>Viva Dulce<\/em>. Comandada pela cantora Margareth Menezes, a noite festiva, com renda totalmente revertida ao projeto de amplia\u00e7\u00e3o da unidade, contar\u00e1 com a participa\u00e7\u00e3o especial de Elba Ramalho e do acordeonista Waldonys. O evento ter\u00e1 ainda <em>buffet all inclusive<\/em>, assinado pelo renomado chef Vini Figueira.<\/p>\n<p style=\"text-align: justify;\">Os ingressos custam R$ 300,00 e j\u00e1 est\u00e3o \u00e0 venda na Loja Irm\u00e3 Dulce, localizada na Avenida Bonfim, ao lado da sede das Obras Sociais. O valor do ingresso pode ser parcelado em at\u00e9 tr\u00eas vezes sem juros, em todos os cart\u00f5es de cr\u00e9dito. Mais informa\u00e7\u00f5es sobre o show podem ser obtidas pelo telefone (71) 3310-1699 ou pelo e-mail amigasdedulce@irmadulce.org.br. Batizada em homenagem \u00e0 m\u00e3e de Irm\u00e3 Dulce, a Unidade Dona Dulce necessita de recursos para a conclus\u00e3o da segunda etapa de constru\u00e7\u00e3o, que inclui amplia\u00e7\u00e3o do espa\u00e7o f\u00edsico, a exemplo de novos consult\u00f3rios e recep\u00e7\u00e3o, al\u00e9m da compra de equipamentos, como monitores card\u00edacos, desfibriladores, raio-x port\u00e1til e macas, garantindo assim maior conforto e comodidade aos pacientes oncol\u00f3gicos atendidos na OSID.<\/p>\n<p style=\"text-align: justify;\"><img loading=\"lazy\" decoding=\"async\" class=\"aligncenter wp-image-44378 size-full\" src=\"http:\/\/catolicanet.net\/wp-cnet\/wp-content\/uploads\/ter2.jpg\" alt=\"\" width=\"462\" height=\"462\" srcset=\"https:\/\/catolicanet.net\/wp-cnet\/wp-content\/uploads\/ter2.jpg 462w, https:\/\/catolicanet.net\/wp-cnet\/wp-content\/uploads\/ter2-150x150.jpg 150w, https:\/\/catolicanet.net\/wp-cnet\/wp-content\/uploads\/ter2-300x300.jpg 300w, https:\/\/catolicanet.net\/wp-cnet\/wp-content\/uploads\/ter2-420x420.jpg 420w\" sizes=\"auto, (max-width: 462px) 100vw, 462px\" \/><\/p>\n<p style=\"text-align: justify;\"><strong>Irm\u00e3 Dulce e suas obras<\/strong> \u2013 Em 26 de maio de 1914 nascia, na cidade de Salvador, Maria Rita de Souza Brito Lopes Pontes. A preocupa\u00e7\u00e3o com as quest\u00f5es sociais, al\u00e9m da voca\u00e7\u00e3o para atuar em benef\u00edcio da popula\u00e7\u00e3o mais carente, come\u00e7ou a se manifestar j\u00e1 no in\u00edcio da adolesc\u00eancia, quando, aos 13 anos de idade, Maria Rita j\u00e1 atendia doentes no port\u00e3o de sua casa, no bairro de Nazar\u00e9. Em 1933, a jovem ingressa na Congrega\u00e7\u00e3o das Irm\u00e3s Mission\u00e1rias da Imaculada Concei\u00e7\u00e3o da M\u00e3e de Deus, no Convento de Nossa Senhora do Carmo, em S\u00e3o Crist\u00f3v\u00e3o (Sergipe). No mesmo ano, recebe o h\u00e1bito e adota, em homenagem \u00e0 sua m\u00e3e, o nome de Irm\u00e3 Dulce.<\/p>\n<p style=\"text-align: justify;\">Entre os epis\u00f3dios mais marcantes da trajet\u00f3ria de amor e servi\u00e7o da religiosa, est\u00e1 a ocupa\u00e7\u00e3o, em 1949, de um galinheiro ao lado do convento em Salvador, Bahia, ap\u00f3s autoriza\u00e7\u00e3o da sua superiora, com os primeiros 70 doentes. A iniciativa deu in\u00edcio \u00e0 cria\u00e7\u00e3o da OSID, institui\u00e7\u00e3o que abriga hoje um dos maiores complexos de sa\u00fade 100% gratuito do Brasil, com 3,5 milh\u00f5es de atendimentos ambulatoriais por ano na Bahia \u2013 sendo quase 2,2 milh\u00f5es somente em sua sede, em Salvador, local que atende 2 mil pessoas diariamente.<\/p>\n<p style=\"text-align: justify;\"><strong>Sobre as Obras Sociais Irm\u00e3 Dulce<\/strong><\/p>\n<p style=\"text-align: justify;\">Entidade filantr\u00f3pica sem fins lucrativos, as Obras Sociais Irm\u00e3 Dulce (OSID) s\u00e3o uma esp\u00e9cie de \u2018holding social\u2019 constitu\u00edda por 21 n\u00facleos que prestam assist\u00eancia \u00e0 popula\u00e7\u00e3o de baixa renda nas \u00e1reas de sa\u00fade, assist\u00eancia social e educa\u00e7\u00e3o, dedicando-se ainda \u00e0 pesquisa cient\u00edfica, ensino m\u00e9dico, preserva\u00e7\u00e3o e difus\u00e3o da hist\u00f3ria de Irm\u00e3 Dulce e gest\u00e3o de unidades p\u00fablicas de sa\u00fade. Hoje, a OSID \u00e9 considerada pelo Minist\u00e9rio da Sa\u00fade um dos maiores complexos de atendimento 100% SUS do Pa\u00eds, respons\u00e1vel por cerca de 3.5 milh\u00f5es de atendimentos ambulatoriais por ano. Atualmente, somente na sede, em Salvador, Bahia, a institui\u00e7\u00e3o conta com mais de 2 mil funcion\u00e1rios, al\u00e9m de 320 m\u00e9dicos e 125 volunt\u00e1rios.<\/p>\n<p style=\"text-align: justify;\"><strong>Mais informa\u00e7\u00f5es em S\u00e3o Paulo:<\/strong><\/p>\n<p style=\"text-align: justify;\"><strong>No<\/strong><strong>te! Assessoria de Comunica\u00e7\u00e3o<br \/>\n<\/strong>www.notecomunicacao.com.br<strong><br \/>\nMayara Grosso, Gisele Gomes e Fernanda Pancheri<\/strong><\/p>\n<p style=\"text-align: justify;\"><a href=\"mailto:mayara.grosso@notecomunicacao.com.br\">mayara.grosso@notecomunicacao.com.br<\/a><br \/>\n<a href=\"mailto:gisele.gomes@notecomunicacao.com.br\">gisele.gomes@notecomunicacao.com.br<\/a><br \/>\n<a href=\"mailto:fernanda.pancheri@notecomunicacao.com.br\">fernanda.pancheri@notecomunicacao.com.br<\/a><\/p>\n<p style=\"text-align: justify;\"><strong>(11) 3136-0544<\/strong><\/p>\n","protected":false},"excerpt":{"rendered":"<p>Margareth Menezes, Elba Ramalho e Waldonys em noite festiva em prol das Obras Sociais Irm\u00e3 Dulce Renda do show ser\u00e1 destinada \u00e0 amplia\u00e7\u00e3o de unidade para pacientes com c\u00e2ncer As Obras Sociais Irm\u00e3 Dulce (OSID) est\u00e3o em campanha para amplia\u00e7\u00e3o da Unidade Dona Dulce Lopes Pontes &#8211; espa\u00e7o voltado ao atendimento de pacientes com c\u00e2ncer [&hellip;]<\/p>\n","protected":false},"author":1,"featured_media":44377,"comment_status":"open","ping_status":"closed","sticky":false,"template":"","format":"standard","meta":{"footnotes":""},"categories":[4,13],"tags":[],"class_list":["post-44376","post","type-post","status-publish","format-standard","has-post-thumbnail","hentry","category-cotidiano","category-featured"],"_links":{"self":[{"href":"https:\/\/catolicanet.net\/wp-cnet\/wp-json\/wp\/v2\/posts\/44376","targetHints":{"allow":["GET"]}}],"collection":[{"href":"https:\/\/catolicanet.net\/wp-cnet\/wp-json\/wp\/v2\/posts"}],"about":[{"href":"https:\/\/catolicanet.net\/wp-cnet\/wp-json\/wp\/v2\/types\/post"}],"author":[{"embeddable":true,"href":"https:\/\/catolicanet.net\/wp-cnet\/wp-json\/wp\/v2\/users\/1"}],"replies":[{"embeddable":true,"href":"https:\/\/catolicanet.net\/wp-cnet\/wp-json\/wp\/v2\/comments?post=44376"}],"version-history":[{"count":1,"href":"https:\/\/catolicanet.net\/wp-cnet\/wp-json\/wp\/v2\/posts\/44376\/revisions"}],"predecessor-version":[{"id":44379,"href":"https:\/\/catolicanet.net\/wp-cnet\/wp-json\/wp\/v2\/posts\/44376\/revisions\/44379"}],"wp:featuredmedia":[{"embeddable":true,"href":"https:\/\/catolicanet.net\/wp-cnet\/wp-json\/wp\/v2\/media\/44377"}],"wp:attachment":[{"href":"https:\/\/catolicanet.net\/wp-cnet\/wp-json\/wp\/v2\/media?parent=44376"}],"wp:term":[{"taxonomy":"category","embeddable":true,"href":"https:\/\/catolicanet.net\/wp-cnet\/wp-json\/wp\/v2\/categories?post=44376"},{"taxonomy":"post_tag","embeddable":true,"href":"https:\/\/catolicanet.net\/wp-cnet\/wp-json\/wp\/v2\/tags?post=44376"}],"curies":[{"name":"wp","href":"https:\/\/api.w.org\/{rel}","templated":true}]}}