{"id":4437,"date":"2014-03-31T16:38:27","date_gmt":"2014-03-31T19:38:27","guid":{"rendered":"http:\/\/catolicanet.net\/wp-cnet\/francisco-aos-salesianos-qessencial-falar-aos-jovens-com-o-coracaoq\/"},"modified":"2017-04-05T10:05:35","modified_gmt":"2017-04-05T13:05:35","slug":"francisco-aos-salesianos-qessencial-falar-aos-jovens-com-o-coracaoq","status":"publish","type":"post","link":"https:\/\/catolicanet.net\/wp-cnet\/francisco-aos-salesianos-qessencial-falar-aos-jovens-com-o-coracaoq\/","title":{"rendered":"Francisco aos Salesianos: &#8220;Essencial falar aos jovens com o cora\u00e7\u00e3o&#8221;"},"content":{"rendered":"<p style=\"text-align: justify;\"><img decoding=\"async\" src=\"http:\/\/catolicanet.com.br\/images\/stories\/padres\/salesianos.jpg\" border=\"0\" align=\"left\" \/>Na manh\u00e3 desta segunda-feira, 31, o Papa recebeu na Sala Clementina, no Vaticano, cerca de 250 participantes do Cap\u00edtulo Geral da Sociedade Salesiana de S\u00e3o Jo\u00e3o Bosco.<\/p>\n<p>Os salesianos elegeram h\u00e1 poucos dias o seu novo Conselho Geral, que dever\u00e1 orientar, acompanhar e apoiar a Congrega\u00e7\u00e3o em seu caminho nos pr\u00f3ximos anos. Com o seu novo Reitor-mor, Angel Fern\u00e0ndez Artime, o grupo ouviu o Papa, que abriu seu discurso citando o lema de Dom Bosco, \u201cDai-me almas e ficai com o resto\u201d.<\/p>\n<p>O Papa lembrou que o fundador refor\u00e7ou este programa com dois elementos: trabalho e temperan\u00e7a. Trabalho exclusivamente para chegar a Deus, e temperan\u00e7a para se contentar, para ser simples. \u201cA pobreza de Dom Bosco e de M\u00e3e Margarida inspire todos os salesianos e suas comunidades a uma vida essencial e austera, de proximidade aos pobres, transpar\u00eancia e responsabilidade na gest\u00e3o dos bens\u201d.<\/p>\n<p>Francisco desenvolveu seu discurso a partir de tr\u00eas pontos, come\u00e7ando pela miss\u00e3o pr\u00f3pria dos salesianos: a evangeliza\u00e7\u00e3o dos jovens, unida \u00e0 educa\u00e7\u00e3o. \u201cNa atual emerg\u00eancia educativa, disse, \u00e9 fundamental aplicar com o \u201csistema preventivo\u201d de Dom Bosco e experimentar novas linguagens, bem sabendo que a do cora\u00e7\u00e3o \u00e9 a mais direta para se aproximar e ser amigos dos jovens\u201d.<\/p>\n<p>Em seguida, o Papa mencionou a dimens\u00e3o vocacional, particularmente em destaque em 2015, Ano dedicado \u00e0 Vida Consagrada. O zelo vocacional requer aten\u00e7\u00f5es como a ora\u00e7\u00e3o, atividades e percursos pessoais, coragem para propor, acompanhar e envolver as fam\u00edlias. \u201c\u00c9 preciso evitar vis\u00f5es parciais para n\u00e3o suscitar respostas vocacionais fr\u00e1geis, com motiva\u00e7\u00f5es vacilantes\u201d, recomendou.<\/p>\n<p>Em segundo lugar, o Papa citou o mundo da exclus\u00e3o juvenil e do desemprego e suas consequ\u00eancias. Falou do problema das depend\u00eancias e de suas ra\u00edzes, que derivam da falta de amor; e disse que trabalhar com jovens marginalizados requer coragem, maturidade e muita ora\u00e7\u00e3o. \u201cPor isso, \u00e9 necess\u00e1rio um atento discernimento e um constante acompanhamento\u201d.<\/p>\n<p>No \u00faltimo ponto, Francisco lembrou o papel de trabalhar em comunidade, mesmo que estas vivam, por vezes, tens\u00f5es causadas pelo individualismo e pela dispers\u00e3o: \u201cAcolhimento, respeito, ajuda rec\u00edproca, compreens\u00e3o, cortesia, perd\u00e3o e alegria\u201d, aconselhou, ressaltando que o esp\u00edrito de fam\u00edlia deixado por Dom Bosco ajuda neste sentido, pois favorece a perseveran\u00e7a e cria atrativos para a vida consagrada.<\/p>\n<p>Antes de se despedir, o Papa fez votos que o bicenten\u00e1rio de nascimento de Dom Bosco seja um momento prop\u00edcio para repropor o carisma do Fundador.<\/p>\n<p><strong>Fonte:<\/strong> R\u00e1dio Vaticano<\/p>\n","protected":false},"excerpt":{"rendered":"<p>Na manh\u00e3 desta segunda-feira, 31, o Papa recebeu na Sala Clementina, no Vaticano, cerca de 250 participantes do Cap\u00edtulo Geral da Sociedade Salesiana de S\u00e3o Jo\u00e3o Bosco. Os salesianos elegeram h\u00e1 poucos dias o seu novo Conselho Geral, que dever\u00e1 orientar, acompanhar e apoiar a Congrega\u00e7\u00e3o em seu caminho nos pr\u00f3ximos anos. Com o seu [&hellip;]<\/p>\n","protected":false},"author":1,"featured_media":0,"comment_status":"closed","ping_status":"closed","sticky":false,"template":"","format":"standard","meta":{"footnotes":""},"categories":[3],"tags":[],"class_list":["post-4437","post","type-post","status-publish","format-standard","hentry","category-vaticano"],"_links":{"self":[{"href":"https:\/\/catolicanet.net\/wp-cnet\/wp-json\/wp\/v2\/posts\/4437","targetHints":{"allow":["GET"]}}],"collection":[{"href":"https:\/\/catolicanet.net\/wp-cnet\/wp-json\/wp\/v2\/posts"}],"about":[{"href":"https:\/\/catolicanet.net\/wp-cnet\/wp-json\/wp\/v2\/types\/post"}],"author":[{"embeddable":true,"href":"https:\/\/catolicanet.net\/wp-cnet\/wp-json\/wp\/v2\/users\/1"}],"replies":[{"embeddable":true,"href":"https:\/\/catolicanet.net\/wp-cnet\/wp-json\/wp\/v2\/comments?post=4437"}],"version-history":[{"count":1,"href":"https:\/\/catolicanet.net\/wp-cnet\/wp-json\/wp\/v2\/posts\/4437\/revisions"}],"predecessor-version":[{"id":9337,"href":"https:\/\/catolicanet.net\/wp-cnet\/wp-json\/wp\/v2\/posts\/4437\/revisions\/9337"}],"wp:attachment":[{"href":"https:\/\/catolicanet.net\/wp-cnet\/wp-json\/wp\/v2\/media?parent=4437"}],"wp:term":[{"taxonomy":"category","embeddable":true,"href":"https:\/\/catolicanet.net\/wp-cnet\/wp-json\/wp\/v2\/categories?post=4437"},{"taxonomy":"post_tag","embeddable":true,"href":"https:\/\/catolicanet.net\/wp-cnet\/wp-json\/wp\/v2\/tags?post=4437"}],"curies":[{"name":"wp","href":"https:\/\/api.w.org\/{rel}","templated":true}]}}