{"id":44367,"date":"2018-10-08T16:27:55","date_gmt":"2018-10-08T19:27:55","guid":{"rendered":"http:\/\/catolicanet.net\/wp-cnet\/?p=44367"},"modified":"2018-10-08T16:29:39","modified_gmt":"2018-10-08T19:29:39","slug":"o-mes-de-outubro-e-por-excelencia","status":"publish","type":"post","link":"https:\/\/catolicanet.net\/wp-cnet\/o-mes-de-outubro-e-por-excelencia\/","title":{"rendered":"11\u00ba Encontro da Inf\u00e2ncia e Adolesc\u00eancia Mission\u00e1ria"},"content":{"rendered":"<p style=\"text-align: justify;\">O m\u00eas de outubro \u00e9 por excel\u00eancia, dedicado mundialmente, \u00e0s miss\u00f5es. Institu\u00eddo em<img loading=\"lazy\" decoding=\"async\" class=\"size-medium wp-image-44369 alignright\" src=\"http:\/\/catolicanet.net\/wp-cnet\/wp-content\/uploads\/20181006_111032-300x225.jpg\" alt=\"\" width=\"300\" height=\"225\" srcset=\"https:\/\/catolicanet.net\/wp-cnet\/wp-content\/uploads\/20181006_111032-300x225.jpg 300w, https:\/\/catolicanet.net\/wp-cnet\/wp-content\/uploads\/20181006_111032-768x576.jpg 768w, https:\/\/catolicanet.net\/wp-cnet\/wp-content\/uploads\/20181006_111032-1024x768.jpg 1024w, https:\/\/catolicanet.net\/wp-cnet\/wp-content\/uploads\/20181006_111032-600x450.jpg 600w, https:\/\/catolicanet.net\/wp-cnet\/wp-content\/uploads\/20181006_111032-80x60.jpg 80w, https:\/\/catolicanet.net\/wp-cnet\/wp-content\/uploads\/20181006_111032-265x198.jpg 265w, https:\/\/catolicanet.net\/wp-cnet\/wp-content\/uploads\/20181006_111032-696x522.jpg 696w, https:\/\/catolicanet.net\/wp-cnet\/wp-content\/uploads\/20181006_111032-1068x801.jpg 1068w, https:\/\/catolicanet.net\/wp-cnet\/wp-content\/uploads\/20181006_111032-560x420.jpg 560w\" sizes=\"auto, (max-width: 300px) 100vw, 300px\" \/> 1926 pelo ent\u00e3o Papa Pio XI, nos convida a concretizar a\u00e7\u00f5es mission\u00e1rias\u00a0<span style=\"text-align: justify;\">de partilha e solidariedade, em prol dos irm\u00e3os e irm\u00e3s mais nece<\/span><span style=\"text-align: justify;\">ssitados, que s\u00e3o os pequeninos do Senhor. Com o tema &#8220;Enviados a testemunhar o Evangelho da Paz&#8221;, a Campanha <\/span><span style=\"text-align: justify;\">Mission\u00e1ria nos prop\u00f5e a refletir sobre a miss\u00e3o da Igreja e de cada batizado. Nossa Igreja diz que: \u201ctodo batizado \u00e9 mission\u00e1rio\u201d, portanto devemos viver essa miss\u00e3o atrav\u00e9s da ora\u00e7\u00e3o e do gesto concreto, que \u00e9 a ajuda econ\u00f4mica. \u00c9 com esse esp\u00edrito que no s\u00e1bado, 6, o COMIDI &#8211; Conselho Mission\u00e1rio Diocesano, realizou o 11\u00ba EDIAM &#8211; Encontro Diocesano da Inf\u00e2ncia e <img loading=\"lazy\" decoding=\"async\" class=\"size-medium wp-image-44370 alignleft\" src=\"http:\/\/catolicanet.net\/wp-cnet\/wp-content\/uploads\/20181006_100819-300x225.jpg\" alt=\"\" width=\"300\" height=\"225\" srcset=\"https:\/\/catolicanet.net\/wp-cnet\/wp-content\/uploads\/20181006_100819-300x225.jpg 300w, https:\/\/catolicanet.net\/wp-cnet\/wp-content\/uploads\/20181006_100819-768x576.jpg 768w, https:\/\/catolicanet.net\/wp-cnet\/wp-content\/uploads\/20181006_100819-1024x768.jpg 1024w, https:\/\/catolicanet.net\/wp-cnet\/wp-content\/uploads\/20181006_100819-600x450.jpg 600w, https:\/\/catolicanet.net\/wp-cnet\/wp-content\/uploads\/20181006_100819-80x60.jpg 80w, https:\/\/catolicanet.net\/wp-cnet\/wp-content\/uploads\/20181006_100819-265x198.jpg 265w, https:\/\/catolicanet.net\/wp-cnet\/wp-content\/uploads\/20181006_100819-696x522.jpg 696w, https:\/\/catolicanet.net\/wp-cnet\/wp-content\/uploads\/20181006_100819-1068x801.jpg 1068w, https:\/\/catolicanet.net\/wp-cnet\/wp-content\/uploads\/20181006_100819-560x420.jpg 560w\" sizes=\"auto, (max-width: 300px) 100vw, 300px\" \/>Adolesc\u00eancia Mission\u00e1ria da Diocese de Santo Amaro, que reuniu assessores, coordenadores e mais de 150 crian\u00e7as e adolescentes de diversas Par\u00f3quias da diocese. As oficinas foram divididas em cinco continentes e cada um tratou de um tema, focado no m\u00eas mission\u00e1rio; as crian\u00e7as e adolescentes foram os protagonistas dos trabalhos desenvolvidos em cada sala. O 11\u00ba Encontro terminou com uma missa que valorizou a simbologia mission\u00e1ria, celebrada pelo Padre Osvair, atual assessor do COMIDI de Santo Amaro. Como gesto concreto, foi realizado uma<img loading=\"lazy\" decoding=\"async\" class=\"size-medium wp-image-44371 alignright\" src=\"http:\/\/catolicanet.net\/wp-cnet\/wp-content\/uploads\/20181006_125747-300x225.jpg\" alt=\"\" width=\"300\" height=\"225\" srcset=\"https:\/\/catolicanet.net\/wp-cnet\/wp-content\/uploads\/20181006_125747-300x225.jpg 300w, https:\/\/catolicanet.net\/wp-cnet\/wp-content\/uploads\/20181006_125747-768x576.jpg 768w, https:\/\/catolicanet.net\/wp-cnet\/wp-content\/uploads\/20181006_125747-1024x768.jpg 1024w, https:\/\/catolicanet.net\/wp-cnet\/wp-content\/uploads\/20181006_125747-600x450.jpg 600w, https:\/\/catolicanet.net\/wp-cnet\/wp-content\/uploads\/20181006_125747-80x60.jpg 80w, https:\/\/catolicanet.net\/wp-cnet\/wp-content\/uploads\/20181006_125747-265x198.jpg 265w, https:\/\/catolicanet.net\/wp-cnet\/wp-content\/uploads\/20181006_125747-696x522.jpg 696w, https:\/\/catolicanet.net\/wp-cnet\/wp-content\/uploads\/20181006_125747-1068x801.jpg 1068w, https:\/\/catolicanet.net\/wp-cnet\/wp-content\/uploads\/20181006_125747-560x420.jpg 560w\" sizes=\"auto, (max-width: 300px) 100vw, 300px\" \/> coleta para ajudar as atividades mission\u00e1rias Al\u00e9m-Fronteiras. Antes da ben\u00e7\u00e3o final e do envio mission\u00e1rio, Padre Osvair, agradeceu ao apoio dos padres que enviaram as crian\u00e7as para participarem das atividades e acrescentou que estes encontros motivam as crian\u00e7as a continuarem suas atividades mission\u00e1rias quando se re\u00fanem no final de semana em suas Par\u00f3quias. O pr\u00f3ximo Encontro j\u00e1 tem data marcada, ser\u00e1 no primeiro s\u00e1bado do m\u00eas de outubro de 2019.<\/span><\/p>\n<p>&nbsp;<\/p>\n","protected":false},"excerpt":{"rendered":"<p>O m\u00eas de outubro \u00e9 por excel\u00eancia, dedicado mundialmente, \u00e0s miss\u00f5es. Institu\u00eddo em 1926 pelo ent\u00e3o Papa Pio XI, nos convida a concretizar a\u00e7\u00f5es mission\u00e1rias\u00a0de partilha e solidariedade, em prol dos irm\u00e3os e irm\u00e3s mais necessitados, que s\u00e3o os pequeninos do Senhor. Com o tema &#8220;Enviados a testemunhar o Evangelho da Paz&#8221;, a Campanha Mission\u00e1ria [&hellip;]<\/p>\n","protected":false},"author":1,"featured_media":44368,"comment_status":"open","ping_status":"closed","sticky":false,"template":"","format":"standard","meta":{"footnotes":""},"categories":[4,13],"tags":[],"class_list":["post-44367","post","type-post","status-publish","format-standard","has-post-thumbnail","hentry","category-cotidiano","category-featured"],"_links":{"self":[{"href":"https:\/\/catolicanet.net\/wp-cnet\/wp-json\/wp\/v2\/posts\/44367","targetHints":{"allow":["GET"]}}],"collection":[{"href":"https:\/\/catolicanet.net\/wp-cnet\/wp-json\/wp\/v2\/posts"}],"about":[{"href":"https:\/\/catolicanet.net\/wp-cnet\/wp-json\/wp\/v2\/types\/post"}],"author":[{"embeddable":true,"href":"https:\/\/catolicanet.net\/wp-cnet\/wp-json\/wp\/v2\/users\/1"}],"replies":[{"embeddable":true,"href":"https:\/\/catolicanet.net\/wp-cnet\/wp-json\/wp\/v2\/comments?post=44367"}],"version-history":[{"count":2,"href":"https:\/\/catolicanet.net\/wp-cnet\/wp-json\/wp\/v2\/posts\/44367\/revisions"}],"predecessor-version":[{"id":44373,"href":"https:\/\/catolicanet.net\/wp-cnet\/wp-json\/wp\/v2\/posts\/44367\/revisions\/44373"}],"wp:featuredmedia":[{"embeddable":true,"href":"https:\/\/catolicanet.net\/wp-cnet\/wp-json\/wp\/v2\/media\/44368"}],"wp:attachment":[{"href":"https:\/\/catolicanet.net\/wp-cnet\/wp-json\/wp\/v2\/media?parent=44367"}],"wp:term":[{"taxonomy":"category","embeddable":true,"href":"https:\/\/catolicanet.net\/wp-cnet\/wp-json\/wp\/v2\/categories?post=44367"},{"taxonomy":"post_tag","embeddable":true,"href":"https:\/\/catolicanet.net\/wp-cnet\/wp-json\/wp\/v2\/tags?post=44367"}],"curies":[{"name":"wp","href":"https:\/\/api.w.org\/{rel}","templated":true}]}}