{"id":44365,"date":"2018-10-08T14:14:34","date_gmt":"2018-10-08T17:14:34","guid":{"rendered":"http:\/\/catolicanet.net\/wp-cnet\/?p=44365"},"modified":"2018-10-08T14:14:34","modified_gmt":"2018-10-08T17:14:34","slug":"que-brasil-queremos","status":"publish","type":"post","link":"https:\/\/catolicanet.net\/wp-cnet\/que-brasil-queremos\/","title":{"rendered":"Que Brasil queremos"},"content":{"rendered":"<p style=\"text-align: justify;\">Esta frase tem sido explorada nos \u00faltimos tempos. Ela nos remete para um futuro incerto, porque n\u00e3o basta querer. \u00c9 preciso fazer, que n\u00e3o acontece sem um querer determinado, mas de todos os brasileiros. N\u00e3o ser\u00e1 o pr\u00f3ximo Presidente da Rep\u00fablica a fazer isso acontecer, apesar do poder nas m\u00e3os. Mas os pol\u00edticos t\u00eam sido muito vulner\u00e1veis e manipul\u00e1veis por uma cultura liberal capitalista.<\/p>\n<p style=\"text-align: justify;\">Na campanha eleitoral ouvimos muitas promessas. Mas qual a inten\u00e7\u00e3o de tudo isso, a n\u00e3o ser a conquista de votos. Ali\u00e1s, quem muito promete, pouco realiza. Faltam nos pol\u00edticos uma sabedoria divina e uma real inten\u00e7\u00e3o de servir desinteressadamente. O aspecto interesseiro vem sendo o carro chefe, destruindo a potencialidade da verdadeira democracia, onde o bem comum \u00e9 objetivo prim\u00e1rio.<\/p>\n<p style=\"text-align: justify;\">O Brasil que queremos tem que ser fruto da sabedoria humana, mas com inspira\u00e7\u00e3o divina. A verdadeira sabedoria \u00e9 dom de Deus, que nos faz s\u00e1bios e comprometidos com as realidades da vida, no discernimento entre o bem e o mal. N\u00e3o podemos continuar com uma Na\u00e7\u00e3o t\u00e3o fragilizada em rela\u00e7\u00e3o ao bem, mergulhada em pr\u00e1ticas de viol\u00eancia, assassinatos e todo tipo de amea\u00e7a \u00e0s pessoas.<\/p>\n<p style=\"text-align: justify;\">Falam por todos os cantos que o pa\u00eds est\u00e1 \u201cquebrado\u201d, endividado, mas tamb\u00e9m mal administrado, e quase invi\u00e1vel. \u00c9 o caso ainda de se perguntar, onde est\u00e1 nossa riqueza, nosso dinheiro, se temos um territ\u00f3rio t\u00e3o produtivo e pr\u00f3spero. O que realmente est\u00e1 faltando \u00e9 a sabedoria divina e humana da partilha. Poucos com muito e muitos com pouco, ferindo a justi\u00e7a social.<\/p>\n<p style=\"text-align: justify;\">Enquanto n\u00e3o houver uma consci\u00eancia coletiva, que d\u00ea aten\u00e7\u00e3o \u00e0s palavras de Jesus, quando diz: \u201ccomo \u00e9 dif\u00edcil para os ricos entrar no Reino de Deus\u201d (Mc 10,23), n\u00e3o vamos ter o privil\u00e9gio da experi\u00eancia de um Brasil saud\u00e1vel e pac\u00edfico. Significa que isso n\u00e3o \u00e9 imposs\u00edvel de acontecer, mas devemos acreditar que \u00e9 poss\u00edvel construir uma nova sociedade, porque as atitudes podem mudar.<\/p>\n<p style=\"text-align: justify;\">Existe uma interpela\u00e7\u00e3o gritante quando escolhemos nossos novos governantes. \u00c9 evidente que a maior parte da realiza\u00e7\u00e3o do Brasil que os brasileiros querem est\u00e1 nas m\u00e3os de quem est\u00e1 em seu comando. Por isso digo que devem ser pessoas de sabedoria, n\u00e3o de esperteza para o seu pr\u00f3prio interesse, mas preocupadas com o bem da na\u00e7\u00e3o e a felicidade de seu povo.<\/p>\n","protected":false},"excerpt":{"rendered":"<p>Esta frase tem sido explorada nos \u00faltimos tempos. Ela nos remete para um futuro incerto, porque n\u00e3o basta querer. \u00c9 preciso fazer, que n\u00e3o acontece sem um querer determinado, mas de todos os brasileiros. N\u00e3o ser\u00e1 o pr\u00f3ximo Presidente da Rep\u00fablica a fazer isso acontecer, apesar do poder nas m\u00e3os. Mas os pol\u00edticos t\u00eam sido [&hellip;]<\/p>\n","protected":false},"author":11,"featured_media":32781,"comment_status":"open","ping_status":"closed","sticky":false,"template":"","format":"standard","meta":{"footnotes":""},"categories":[9,13],"tags":[],"class_list":["post-44365","post","type-post","status-publish","format-standard","has-post-thumbnail","hentry","category-artigos","category-featured"],"_links":{"self":[{"href":"https:\/\/catolicanet.net\/wp-cnet\/wp-json\/wp\/v2\/posts\/44365","targetHints":{"allow":["GET"]}}],"collection":[{"href":"https:\/\/catolicanet.net\/wp-cnet\/wp-json\/wp\/v2\/posts"}],"about":[{"href":"https:\/\/catolicanet.net\/wp-cnet\/wp-json\/wp\/v2\/types\/post"}],"author":[{"embeddable":true,"href":"https:\/\/catolicanet.net\/wp-cnet\/wp-json\/wp\/v2\/users\/11"}],"replies":[{"embeddable":true,"href":"https:\/\/catolicanet.net\/wp-cnet\/wp-json\/wp\/v2\/comments?post=44365"}],"version-history":[{"count":1,"href":"https:\/\/catolicanet.net\/wp-cnet\/wp-json\/wp\/v2\/posts\/44365\/revisions"}],"predecessor-version":[{"id":44366,"href":"https:\/\/catolicanet.net\/wp-cnet\/wp-json\/wp\/v2\/posts\/44365\/revisions\/44366"}],"wp:featuredmedia":[{"embeddable":true,"href":"https:\/\/catolicanet.net\/wp-cnet\/wp-json\/wp\/v2\/media\/32781"}],"wp:attachment":[{"href":"https:\/\/catolicanet.net\/wp-cnet\/wp-json\/wp\/v2\/media?parent=44365"}],"wp:term":[{"taxonomy":"category","embeddable":true,"href":"https:\/\/catolicanet.net\/wp-cnet\/wp-json\/wp\/v2\/categories?post=44365"},{"taxonomy":"post_tag","embeddable":true,"href":"https:\/\/catolicanet.net\/wp-cnet\/wp-json\/wp\/v2\/tags?post=44365"}],"curies":[{"name":"wp","href":"https:\/\/api.w.org\/{rel}","templated":true}]}}