{"id":44360,"date":"2018-10-08T13:43:08","date_gmt":"2018-10-08T16:43:08","guid":{"rendered":"http:\/\/catolicanet.net\/wp-cnet\/?p=44360"},"modified":"2018-10-08T13:57:01","modified_gmt":"2018-10-08T16:57:01","slug":"papa-leigos-e-pastores-nao-tenham-medo-de-sujar-as-maos","status":"publish","type":"post","link":"https:\/\/catolicanet.net\/wp-cnet\/papa-leigos-e-pastores-nao-tenham-medo-de-sujar-as-maos\/","title":{"rendered":"Papa: leigos e pastores n\u00e3o tenham medo de sujar as m\u00e3os"},"content":{"rendered":"<div class=\"article__subTitle\" style=\"text-align: justify;\">Na missa matutina na Casa Santa Marta, Francisco exortou os leigos e os pastores a refletirem sobre o sentido de serem crist\u00e3os, exortando a estarem \u201cabertos\u201d \u00e0s surpresas de Deus.<\/div>\n<div style=\"text-align: justify;\"><\/div>\n<div class=\"article__subTitle\" style=\"text-align: justify;\">Um convite a ser \u201ccrist\u00e3os de verdade\u201d, crist\u00e3os que \u201cn\u00e3o t\u00eam medo de sujar as m\u00e3os, as vestes, quando se fazem pr\u00f3ximos do outro. Foi o que disse Francisco na homilia da Missa celebrada na manh\u00e3 de segunda-feira (08\/10) na capela da Casa Santa Marta.<\/div>\n<div class=\"article__text\">\n<p style=\"text-align: justify;\">Inspirando-se no Evangelho de Lucas, o Pont\u00edfice refletiu sobre os \u201cseis personagens\u201d da par\u00e1bola narrada por Jesus ao doutor da Lei que, para coloc\u00e1-lo \u201c\u00e0 prova\u201d, lhe pergunta: \u201cQuem \u00e9 meu pr\u00f3ximo?\u201d. E cita os assaltantes, o ferido, o sacerdote, o levita, o Samaritano e o dono da pens\u00e3o.<\/p>\n<h2 style=\"text-align: justify;\">N\u00e3o ir al\u00e9m, mas parar e ter compaix\u00e3o<\/h2>\n<p style=\"text-align: justify;\">Os assaltantes que espancaram o homem, deixando-o quase morto; o sacerdote que, quando viu o ferido, \u201cseguiu adiante\u201d, sem levar em considera\u00e7\u00e3o a pr\u00f3pria miss\u00e3o, pensando somente na iminente \u201chora da Missa\u201d. Assim fez tamb\u00e9m o levita, \u201chomem de cultura da Lei\u201d.<\/p>\n<p style=\"text-align: justify;\">Francisco exortou a refletir precisamente sobre o \u201cseguir adiante\u201d, um conceito que \u2013 afirma &#8211; \u201cdeve entrar hoje no nosso cora\u00e7\u00e3o\u201d. O Papa observou que se trata de dois \u201cfuncion\u00e1rios\u201d que \u201ccoerentes\u201d com suas fun\u00e7\u00f5es, disseram: \u201cn\u00e3o cabe a mim\u201d socorrer o ferido. Ao inv\u00e9s, quem \u201cn\u00e3o segue adiante\u201d \u00e9 o Samaritano, \u201cque era um pecador, um excomungado do povo de Israel\u201d: o \u201cmais pecador \u2013 destacou o Papa \u2013 sentiu compaix\u00e3o\u201d. Talvez, era \u201cum comerciante que estava em viagem para neg\u00f3cios\u201d, e mesmo assim:<\/p>\n<p style=\"text-align: justify;\"><i>N\u00e3o olhou o rel\u00f3gio, n\u00e3o pensou no sangue. \u201cChegou perto dele, desceu do burro, fez curativos, derramando \u00f3leo e vinho nas feridas\u201d. Sujou as m\u00e3os, sujou as vestes. \u201cDepois colocou o homem em seu pr\u00f3prio animal, e o levou a uma pens\u00e3o\u201d, todo sujo\u2026 de sangue\u2026 E assim tinha que chegar. \u201cE cuidou dele\u201d. N\u00e3o disse: \u201cMas eu o deixo aqui, chamem os m\u00e9dicos que venham. Eu vou embora, fiz minha parte\u201d. N\u00e3o. \u201cCuidou dele\u201d, como dizendo: \u201cAgora voc\u00ea \u00e9 meu, n\u00e3o por posse, mas para servir\u201d. Ele n\u00e3o era um funcion\u00e1rio, era um homem com cora\u00e7\u00e3o, um homem com o cora\u00e7\u00e3o aberto.<\/i><\/p>\n<h2 style=\"text-align: justify;\"><b>Abertos \u00e0s surpresas de Deus<\/b><\/h2>\n<p style=\"text-align: justify;\">O Pont\u00edfice falou sobre o dono da pens\u00e3o que \u201cficou estupefato\u201d ao ver um \u201cestrangeiro\u201d, um \u201cpag\u00e3o, porque n\u00e3o era do povo de Israel\u201d, que parou para socorrer o homem, pagando \u201cduas moedas de prata\u201d e prometendo que quando voltasse pagaria o que tivesse sido gasto a mais. A d\u00favida de n\u00e3o receber o devido insinuou-se no dono da pens\u00e3o, acrescentou o Papa, \u201ca d\u00favida em rela\u00e7\u00e3o a uma pessoa que vive um testemunho, uma pessoa aberta \u00e0s surpresas de Deus\u201d, como o Samaritano.<\/p>\n<p style=\"text-align: justify;\"><i>Os dois n\u00e3o eram funcion\u00e1rios. \u201cVoc\u00ea \u00e9 crist\u00e3o? Voc\u00ea \u00e9 crist\u00e3? Sim, vou \u00e0 missa aos domingos e procuro fazer o que \u00e9 justo, menos fofocar, porque eu gosto de fofocar, mas o resto eu fa\u00e7o bem\u201d. Voc\u00ea \u00e9 aberto? Voc\u00ea \u00e9 aberto \u00e0s surpresas de Deus ou \u00e9 um crist\u00e3o funcion\u00e1rio, fechado? \u201cEu fa\u00e7o isso, vou \u00e0 missa ao domingo, comungo, me confesso uma vez por ano, fa\u00e7o isso, fa\u00e7o aquilo. Cumpro as obriga\u00e7\u00f5es\u201d. Estes s\u00e3o crist\u00e3os funcion\u00e1rios, que n\u00e3o s\u00e3o abertos \u00e0s surpresas de Deus, que sabem muito de Deus, mas n\u00e3o encontram Deus. Aqueles que nunca se surpreendem diante de um testemunho. Pelo contr\u00e1rio: s\u00e3o incapazes de testemunhar.<\/i><\/p>\n<h2 style=\"text-align: justify;\"><b>Jesus e sua Igreja<\/b><\/h2>\n<p style=\"text-align: justify;\">O Papa exortou a todos, \u201cleigos e pastores\u201d, a se perguntar se somos crist\u00e3os abertos ao que o Senhor nos d\u00e1 \u201ctodos os dias\u201d, \u201c\u00e0s surpresas de Deus que muitas vezes, como o Samaritano, nos colocam em dificuldade\u201d, ou se somos crist\u00e3os funcion\u00e1rios, fazendo o que devemos, sentindo-nos \u201cem ordem\u201d e sendo for\u00e7ados \u00e0s mesmas regras. Alguns te\u00f3logos antigos, recordou Francisco, diziam que nesta passagem est\u00e1 contido \u201ctodo o Evangelho\u201d.<\/p>\n<p style=\"text-align: justify;\"><i>Cada um de n\u00f3s \u00e9 o homem ali ferido, e o Samaritano \u00e9 Jesus. Ele curou nossas feridas. Fez-se pr\u00f3ximo. Cuidou de n\u00f3s. Pagou por n\u00f3s. Ele disse \u00e0 sua Igreja: \u201cSe precisar de mais, voc\u00ea paga, pois eu voltarei e pagarei\u201d. Pensem bem: nesta passagem h\u00e1 todo o Evangelho.<\/i><\/p>\n<p style=\"text-align: justify;\">Ou\u00e7a a reportagem com a voz do Papa Francisco:<\/p>\n<!--[if lt IE 9]><script>document.createElement('audio');<\/script><![endif]-->\n<audio class=\"wp-audio-shortcode\" id=\"audio-44360-1\" preload=\"none\" style=\"width: 100%;\" controls=\"controls\"><source type=\"audio\/mpeg\" src=\"https:\/\/media.vaticannews.va\/media\/audio\/s1\/2018\/10\/8\/11\/134658308_F134658308.mp3?_=1\" \/><a href=\"https:\/\/media.vaticannews.va\/media\/audio\/s1\/2018\/10\/8\/11\/134658308_F134658308.mp3\">https:\/\/media.vaticannews.va\/media\/audio\/s1\/2018\/10\/8\/11\/134658308_F134658308.mp3<\/a><\/audio>\n<p>Veja um trecho da homilia do Santo Padre:<\/p>\n<p><iframe loading=\"lazy\" width=\"696\" height=\"392\" src=\"https:\/\/www.youtube.com\/embed\/8c1GVJWglIM?feature=oembed\" frameborder=\"0\" allow=\"autoplay; encrypted-media\" allowfullscreen><\/iframe><\/p>\n<p style=\"text-align: justify;\"><b>Giada Aquilino \u2013 Cidade do Vaticano<\/b><\/p>\n<\/div>\n","protected":false},"excerpt":{"rendered":"<p>Na missa matutina na Casa Santa Marta, Francisco exortou os leigos e os pastores a refletirem sobre o sentido de serem crist\u00e3os, exortando a estarem \u201cabertos\u201d \u00e0s surpresas de Deus. Um convite a ser \u201ccrist\u00e3os de verdade\u201d, crist\u00e3os que \u201cn\u00e3o t\u00eam medo de sujar as m\u00e3os, as vestes, quando se fazem pr\u00f3ximos do outro. Foi [&hellip;]<\/p>\n","protected":false},"author":1,"featured_media":44362,"comment_status":"open","ping_status":"closed","sticky":false,"template":"","format":"standard","meta":{"footnotes":""},"categories":[3],"tags":[],"class_list":["post-44360","post","type-post","status-publish","format-standard","has-post-thumbnail","hentry","category-vaticano"],"_links":{"self":[{"href":"https:\/\/catolicanet.net\/wp-cnet\/wp-json\/wp\/v2\/posts\/44360","targetHints":{"allow":["GET"]}}],"collection":[{"href":"https:\/\/catolicanet.net\/wp-cnet\/wp-json\/wp\/v2\/posts"}],"about":[{"href":"https:\/\/catolicanet.net\/wp-cnet\/wp-json\/wp\/v2\/types\/post"}],"author":[{"embeddable":true,"href":"https:\/\/catolicanet.net\/wp-cnet\/wp-json\/wp\/v2\/users\/1"}],"replies":[{"embeddable":true,"href":"https:\/\/catolicanet.net\/wp-cnet\/wp-json\/wp\/v2\/comments?post=44360"}],"version-history":[{"count":3,"href":"https:\/\/catolicanet.net\/wp-cnet\/wp-json\/wp\/v2\/posts\/44360\/revisions"}],"predecessor-version":[{"id":44364,"href":"https:\/\/catolicanet.net\/wp-cnet\/wp-json\/wp\/v2\/posts\/44360\/revisions\/44364"}],"wp:featuredmedia":[{"embeddable":true,"href":"https:\/\/catolicanet.net\/wp-cnet\/wp-json\/wp\/v2\/media\/44362"}],"wp:attachment":[{"href":"https:\/\/catolicanet.net\/wp-cnet\/wp-json\/wp\/v2\/media?parent=44360"}],"wp:term":[{"taxonomy":"category","embeddable":true,"href":"https:\/\/catolicanet.net\/wp-cnet\/wp-json\/wp\/v2\/categories?post=44360"},{"taxonomy":"post_tag","embeddable":true,"href":"https:\/\/catolicanet.net\/wp-cnet\/wp-json\/wp\/v2\/tags?post=44360"}],"curies":[{"name":"wp","href":"https:\/\/api.w.org\/{rel}","templated":true}]}}